{"id":857,"date":"2015-05-08T11:30:38","date_gmt":"2015-05-08T09:30:38","guid":{"rendered":"http:\/\/www.verkehrsbrief.de\/bundesrat-winkt-pkw-maut-durch"},"modified":"2015-05-08T11:30:38","modified_gmt":"2015-05-08T09:30:38","slug":"bundesrat-winkt-pkw-maut-durch","status":"publish","type":"post","link":"https:\/\/www.verkehrsbrief.de\/?p=857","title":{"rendered":"Bundesrat winkt Pkw-Maut durch"},"content":{"rendered":"<p>Der Bundesrat hat am Freitag gr\u00fcnes Licht f\u00fcr die Einf\u00fchrung der Pkw-Maut gegeben. Die Empfehlung von Verkehrs- und Finanzausschuss, den Vermittlungsausschusses anzurufen, fand keine Mehrheit. Ebenfalls keine Mehrheit gab es f\u00fcr einen in letzter Minute eingereichten <a href=\"http:\/\/www.bundesrat.de\/SharedDocs\/drucksachen\/2015\/0101-0200\/154-2-15.pdf?__blob=publicationFile&amp;v=1\" target=\"_blank\">Entschlie\u00dfungsantrag<\/a> von Baden-W\u00fcrttemberg und Th\u00fcringen, in dem noch einmal Bedenken gegen die Pkw-Maut zusammengefasst wurden.<\/p>\n<p>Medienberichten zufolge hatte SPD-Chef Sigmar Gabriel in den vergangenen Tagen erheblichen Druck auf rot-rot-gr\u00fcn regierte L\u00e4nder ausge\u00fcbte, im Interesse des Koalitionsfriedens in Berlin der Pkw-Maut keine Steine in den Weg zu legen. Laut <a href=\"http:\/\/www.tagesspiegel.de\/politik\/bundesrat-laenderkammer-laesst-pkw-maut-passieren\/11750290.html\" target=\"_blank\">Tagesspiegel<\/a>\u00a0 zeichne sich au\u00dferdem ein Entgegenkommen des Bundes beim laufenden Vermittlungsverfahren \u00fcber die Regionalisierungsmittel ab. (roe)<\/p>\n","protected":false},"excerpt":{"rendered":"<p>Der Bundesrat hat am Freitag gr\u00fcnes Licht f\u00fcr die Einf\u00fchrung der Pkw-Maut gegeben. Die Empfehlung von Verkehrs- und Finanzausschuss, den Vermittlungsausschusses anzurufen, fand keine Mehrheit. Ebenfalls keine Mehrheit gab es f\u00fcr einen in letzter Minute eingereichten Entschlie\u00dfungsantrag von Baden-W\u00fcrttemberg und Th\u00fcringen, in dem noch einmal Bedenken gegen die Pkw-Maut zusammengefasst wurden. Medienberichten zufolge hatte SPD-Chef [&hellip;]<\/p>\n","protected":false},"author":1,"featured_media":0,"comment_status":"open","ping_status":"open","sticky":false,"template":"","format":"standard","meta":[],"categories":[9,8],"tags":[],"_links":{"self":[{"href":"https:\/\/www.verkehrsbrief.de\/index.php?rest_route=\/wp\/v2\/posts\/857"}],"collection":[{"href":"https:\/\/www.verkehrsbrief.de\/index.php?rest_route=\/wp\/v2\/posts"}],"about":[{"href":"https:\/\/www.verkehrsbrief.de\/index.php?rest_route=\/wp\/v2\/types\/post"}],"author":[{"embeddable":true,"href":"https:\/\/www.verkehrsbrief.de\/index.php?rest_route=\/wp\/v2\/users\/1"}],"replies":[{"embeddable":true,"href":"https:\/\/www.verkehrsbrief.de\/index.php?rest_route=%2Fwp%2Fv2%2Fcomments&post=857"}],"version-history":[{"count":1,"href":"https:\/\/www.verkehrsbrief.de\/index.php?rest_route=\/wp\/v2\/posts\/857\/revisions"}],"predecessor-version":[{"id":858,"href":"https:\/\/www.verkehrsbrief.de\/index.php?rest_route=\/wp\/v2\/posts\/857\/revisions\/858"}],"wp:attachment":[{"href":"https:\/\/www.verkehrsbrief.de\/index.php?rest_route=%2Fwp%2Fv2%2Fmedia&parent=857"}],"wp:term":[{"taxonomy":"category","embeddable":true,"href":"https:\/\/www.verkehrsbrief.de\/index.php?rest_route=%2Fwp%2Fv2%2Fcategories&post=857"},{"taxonomy":"post_tag","embeddable":true,"href":"https:\/\/www.verkehrsbrief.de\/index.php?rest_route=%2Fwp%2Fv2%2Ftags&post=857"}],"curies":[{"name":"wp","href":"https:\/\/api.w.org\/{rel}","templated":true}]}}