{"id":587,"date":"2015-04-01T00:01:55","date_gmt":"2015-03-31T22:01:55","guid":{"rendered":"http:\/\/www.verkehrsbrief.de\/presseschau-1-april"},"modified":"2015-04-01T10:15:44","modified_gmt":"2015-04-01T08:15:44","slug":"presseschau-1-april","status":"publish","type":"post","link":"https:\/\/www.verkehrsbrief.de\/?p=587","title":{"rendered":"Presseschau 1. April"},"content":{"rendered":"<p>\u00dcber finanzielle Kurzsichtigkeit der Gemeinde Seevetal bei Hamburg berichtet das dortige <a href=\"http:\/\/www.kreiszeitung-wochenblatt.de\/seevetal\/panorama\/decatur-bruecke-nicht-mehr-sanierungsfaehig-verkehr-einspurig-d58906.html\" target=\"_blank\">Wochenblatt<\/a>: Die 1973 gegen eine Abl\u00f6sesumme von 3,5 Mio. DM von der DB \u00fcbernommene Stra\u00dfenbr\u00fccke (750m L\u00e4nge) \u00fcber den Rangierbahnhof Maschen muss ersetzt werden \u2013 das Geld ist aber anderweitig verwendet worden. Jetzt wird der Verkehr einspurig \u00fcber die Br\u00fccke gef\u00fchrt.<\/p>\n<p>Bundesverkehrsminister Alexander Dobrindt ist Gegenstand mehrerer Aprilscherze: Der <a href=\"http:\/\/www.gea.de\/region+reutlingen\/reutlingen\/ab+heute+vignettenpflicht+fuer+raeder.4184407.htm\" target=\"_blank\">Reutlinger Generalanzeiger<\/a> berichtet \u00fcber die Einf\u00fchrung einer Kennzeichnungspflicht f\u00fcr Fahrr\u00e4der. Das Internetportal <a href=\"http:\/\/www.reisenews-online.de\/2015\/04\/01\/voruntersuchungen-zu-dammverbindung-zwischen-rm-und-sylt\/\" target=\"_blank\">Reisenews<\/a> will \u00fcber Pl\u00e4ne zum Bau eines Dammes zwischen dem d\u00e4nischen R\u00f8m\u00f8 und Sylt geh\u00f6rt haben. (roe)<\/p>\n","protected":false},"excerpt":{"rendered":"<p>\u00dcber finanzielle Kurzsichtigkeit der Gemeinde Seevetal bei Hamburg berichtet das dortige Wochenblatt: Die 1973 gegen eine Abl\u00f6sesumme von 3,5 Mio. DM von der DB \u00fcbernommene Stra\u00dfenbr\u00fccke (750m L\u00e4nge) \u00fcber den Rangierbahnhof Maschen muss ersetzt werden \u2013 das Geld ist aber anderweitig verwendet worden. Jetzt wird der Verkehr einspurig \u00fcber die Br\u00fccke gef\u00fchrt. Bundesverkehrsminister Alexander Dobrindt [&hellip;]<\/p>\n","protected":false},"author":1,"featured_media":0,"comment_status":"open","ping_status":"open","sticky":false,"template":"","format":"standard","meta":[],"categories":[8],"tags":[],"_links":{"self":[{"href":"https:\/\/www.verkehrsbrief.de\/index.php?rest_route=\/wp\/v2\/posts\/587"}],"collection":[{"href":"https:\/\/www.verkehrsbrief.de\/index.php?rest_route=\/wp\/v2\/posts"}],"about":[{"href":"https:\/\/www.verkehrsbrief.de\/index.php?rest_route=\/wp\/v2\/types\/post"}],"author":[{"embeddable":true,"href":"https:\/\/www.verkehrsbrief.de\/index.php?rest_route=\/wp\/v2\/users\/1"}],"replies":[{"embeddable":true,"href":"https:\/\/www.verkehrsbrief.de\/index.php?rest_route=%2Fwp%2Fv2%2Fcomments&post=587"}],"version-history":[{"count":1,"href":"https:\/\/www.verkehrsbrief.de\/index.php?rest_route=\/wp\/v2\/posts\/587\/revisions"}],"predecessor-version":[{"id":588,"href":"https:\/\/www.verkehrsbrief.de\/index.php?rest_route=\/wp\/v2\/posts\/587\/revisions\/588"}],"wp:attachment":[{"href":"https:\/\/www.verkehrsbrief.de\/index.php?rest_route=%2Fwp%2Fv2%2Fmedia&parent=587"}],"wp:term":[{"taxonomy":"category","embeddable":true,"href":"https:\/\/www.verkehrsbrief.de\/index.php?rest_route=%2Fwp%2Fv2%2Fcategories&post=587"},{"taxonomy":"post_tag","embeddable":true,"href":"https:\/\/www.verkehrsbrief.de\/index.php?rest_route=%2Fwp%2Fv2%2Ftags&post=587"}],"curies":[{"name":"wp","href":"https:\/\/api.w.org\/{rel}","templated":true}]}}