{"id":54,"date":"2015-02-09T23:46:56","date_gmt":"2015-02-09T22:46:56","guid":{"rendered":"http:\/\/www.verkehrsbrief.de\/norbert-barthle-folgt-auf-katherina-reiche"},"modified":"2017-05-12T21:11:15","modified_gmt":"2017-05-12T19:11:15","slug":"norbert-barthle-folgt-auf-katherina-reiche","status":"publish","type":"post","link":"https:\/\/www.verkehrsbrief.de\/?p=54","title":{"rendered":"Norbert Barthle folgt auf Katherina Reiche"},"content":{"rendered":"<p><strong><a href=\"http:\/\/www.verkehrsbrief.de\/wp-content\/uploads\/2015\/02\/Barthle_kl.jpg\"><img decoding=\"async\" loading=\"lazy\" class=\"aligncenter wp-image-114 size-full\" src=\"http:\/\/www.verkehrsbrief.de\/wp-content\/uploads\/2015\/02\/Barthle_kl.jpg\" alt=\"Barthle_kl\" width=\"350\" height=\"506\" srcset=\"https:\/\/www.verkehrsbrief.de\/wp-content\/uploads\/2015\/02\/Barthle_kl.jpg 350w, https:\/\/www.verkehrsbrief.de\/wp-content\/uploads\/2015\/02\/Barthle_kl-208x300.jpg 208w, https:\/\/www.verkehrsbrief.de\/wp-content\/uploads\/2015\/02\/Barthle_kl-281x406.jpg 281w\" sizes=\"(max-width: 350px) 100vw, 350px\" \/><\/a>Norbert Barthle<\/strong> (geb. 1952) soll neuer Parlamentarischer Staatssekret\u00e4r beim BMVI werden und damit die Nachfolge von Katherina Reiche antreten, die zum Stadtwerkeverband VKU wechselt. Das best\u00e4tigte sein B\u00fcro. Der direkt gew\u00e4hlte CDU-Wahlkreisabgeordnete f\u00fcr den Wahlkreis Backnang-Schw\u00e4bisch Gm\u00fcnd ist seit 1998 Mitglied des Bundestages und derzeit haushaltspolitischer Sprecher der Unionsfraktion. Von seiner urspr\u00fcnglichen Ausbildung her ist Barthle Gymnasiallehrer f\u00fcr Deutsch, Sport und Philosophie und war bis 1990 in diesem Beruf t\u00e4tig.<\/p>\n<p>In Verbandskreisen wurde im Sommer 2014 kritisch angemerkt, dass die in Barthles Wahlkreis liegende Ortsumfahrung M\u00f6gglingen (B29) mit einem Projektvolumen von 65 Mio. EUR vom BMVI \u00fcberraschend die Baufreigabe erhielt, obwohl sie nach dem Priorisierungskonzept des Landes Baden-W\u00fcrttemberg erst 2016 an der Reihe gewesen w\u00e4re. Es wurde vermutet, dass sich Verkehrsminister Dobrindt damit f\u00fcr das Entgegenkommen bei anderen Finanzierungsthemen erkenntlich zeigen wollte. (roe\/Foto: CDU\/CSU-Fraktion)<\/p>\n","protected":false},"excerpt":{"rendered":"<p>Norbert Barthle (geb. 1952) soll neuer Parlamentarischer Staatssekret\u00e4r beim BMVI werden und damit die Nachfolge von Katherina Reiche antreten, die zum Stadtwerkeverband VKU wechselt. Das best\u00e4tigte sein B\u00fcro. Der direkt gew\u00e4hlte CDU-Wahlkreisabgeordnete f\u00fcr den Wahlkreis Backnang-Schw\u00e4bisch Gm\u00fcnd ist seit 1998 Mitglied des Bundestages und derzeit haushaltspolitischer Sprecher der Unionsfraktion. Von seiner urspr\u00fcnglichen Ausbildung her ist [&hellip;]<\/p>\n","protected":false},"author":1,"featured_media":0,"comment_status":"open","ping_status":"open","sticky":false,"template":"","format":"standard","meta":[],"categories":[5],"tags":[17,18],"_links":{"self":[{"href":"https:\/\/www.verkehrsbrief.de\/index.php?rest_route=\/wp\/v2\/posts\/54"}],"collection":[{"href":"https:\/\/www.verkehrsbrief.de\/index.php?rest_route=\/wp\/v2\/posts"}],"about":[{"href":"https:\/\/www.verkehrsbrief.de\/index.php?rest_route=\/wp\/v2\/types\/post"}],"author":[{"embeddable":true,"href":"https:\/\/www.verkehrsbrief.de\/index.php?rest_route=\/wp\/v2\/users\/1"}],"replies":[{"embeddable":true,"href":"https:\/\/www.verkehrsbrief.de\/index.php?rest_route=%2Fwp%2Fv2%2Fcomments&post=54"}],"version-history":[{"count":3,"href":"https:\/\/www.verkehrsbrief.de\/index.php?rest_route=\/wp\/v2\/posts\/54\/revisions"}],"predecessor-version":[{"id":4455,"href":"https:\/\/www.verkehrsbrief.de\/index.php?rest_route=\/wp\/v2\/posts\/54\/revisions\/4455"}],"wp:attachment":[{"href":"https:\/\/www.verkehrsbrief.de\/index.php?rest_route=%2Fwp%2Fv2%2Fmedia&parent=54"}],"wp:term":[{"taxonomy":"category","embeddable":true,"href":"https:\/\/www.verkehrsbrief.de\/index.php?rest_route=%2Fwp%2Fv2%2Fcategories&post=54"},{"taxonomy":"post_tag","embeddable":true,"href":"https:\/\/www.verkehrsbrief.de\/index.php?rest_route=%2Fwp%2Fv2%2Ftags&post=54"}],"curies":[{"name":"wp","href":"https:\/\/api.w.org\/{rel}","templated":true}]}}