{"id":531,"date":"2015-03-26T14:23:20","date_gmt":"2015-03-26T13:23:20","guid":{"rendered":"http:\/\/www.verkehrsbrief.de\/nusbaum-ruckt-an-die-dvf-spitze"},"modified":"2015-03-26T18:31:46","modified_gmt":"2015-03-26T17:31:46","slug":"nusbaum-ruckt-an-die-dvf-spitze","status":"publish","type":"post","link":"https:\/\/www.verkehrsbrief.de\/?p=531","title":{"rendered":"Nu\u00dfbaum r\u00fcckt an die DVF-Spitze"},"content":{"rendered":"<figure id=\"attachment_532\" aria-describedby=\"caption-attachment-532\" style=\"width: 256px\" class=\"wp-caption alignleft\"><a href=\"http:\/\/www.verkehrsbrief.de\/wp-content\/uploads\/2015\/03\/Nussbaum-Ulrich-150325-DVF-FotoRoe.jpg\"><img decoding=\"async\" loading=\"lazy\" class=\"size-medium wp-image-532\" src=\"http:\/\/www.verkehrsbrief.de\/wp-content\/uploads\/2015\/03\/Nussbaum-Ulrich-150325-DVF-FotoRoe-256x300.jpg\" alt=\"Ulrich Nu\u00dfbaum am Mittwoch bei seiner Ansprache zum Amtsantritt (Foto: roe)\" width=\"256\" height=\"300\" srcset=\"https:\/\/www.verkehrsbrief.de\/wp-content\/uploads\/2015\/03\/Nussbaum-Ulrich-150325-DVF-FotoRoe-256x300.jpg 256w, https:\/\/www.verkehrsbrief.de\/wp-content\/uploads\/2015\/03\/Nussbaum-Ulrich-150325-DVF-FotoRoe-600x703.jpg 600w, https:\/\/www.verkehrsbrief.de\/wp-content\/uploads\/2015\/03\/Nussbaum-Ulrich-150325-DVF-FotoRoe-347x406.jpg 347w, https:\/\/www.verkehrsbrief.de\/wp-content\/uploads\/2015\/03\/Nussbaum-Ulrich-150325-DVF-FotoRoe.jpg 700w\" sizes=\"(max-width: 256px) 100vw, 256px\" \/><\/a><figcaption id=\"caption-attachment-532\" class=\"wp-caption-text\">Ulrich Nu\u00dfbaum am Mittwoch bei seiner Ansprache zum Amtsantritt (Foto: roe)<\/figcaption><\/figure>\n<p><strong>Ulrich Nu\u00dfbaum<\/strong> (57) ist am Mittwoch <a title=\"Nu\u00dfbaum wird DVF-Vorsitzender\" href=\"http:\/\/www.verkehrsbrief.de\/?p=104\">erwartungsgem\u00e4\u00df<\/a> offiziell zum neuen Pr\u00e4sidiumsvorsitzenden des Deutschen Verkehrsforums (DVF) gew\u00e4hlt worden. In seiner kurzen Ansprache zum Amtsantritt sagte er an die Adresse seines Vorg\u00e4nger Klaus-Peter M\u00fcller, er habe ein gut bestelltes Haus \u00fcbernommen.<!--more--><\/p>\n<p>Neue ins Pr\u00e4sidium gew\u00e4hlt wurde <strong>Reiner Heiken<\/strong>, Vorsitzender der Gesch\u00e4ftsleitung der K\u00fchne + Nagel (AG &amp; Co.) KG. Er tritt an die Stelle von <strong>Hans-Georg Brinkmann<\/strong>, CEO Central Europe von K\u00fchne + Nagel, der altersbedingt ausgeschieden ist. Ebenfalls aus dem Pr\u00e4sidium ausgeschieden ist Reinhard Clemens, Vorstandsmitglied der Deutschen Telekom AG und CEO von T-Systems. (roe)<\/p>\n","protected":false},"excerpt":{"rendered":"<p>Ulrich Nu\u00dfbaum (57) ist am Mittwoch erwartungsgem\u00e4\u00df offiziell zum neuen Pr\u00e4sidiumsvorsitzenden des Deutschen Verkehrsforums (DVF) gew\u00e4hlt worden. In seiner kurzen Ansprache zum Amtsantritt sagte er an die Adresse seines Vorg\u00e4nger Klaus-Peter M\u00fcller, er habe ein gut bestelltes Haus \u00fcbernommen.<\/p>\n","protected":false},"author":1,"featured_media":0,"comment_status":"open","ping_status":"open","sticky":false,"template":"","format":"standard","meta":[],"categories":[5],"tags":[],"_links":{"self":[{"href":"https:\/\/www.verkehrsbrief.de\/index.php?rest_route=\/wp\/v2\/posts\/531"}],"collection":[{"href":"https:\/\/www.verkehrsbrief.de\/index.php?rest_route=\/wp\/v2\/posts"}],"about":[{"href":"https:\/\/www.verkehrsbrief.de\/index.php?rest_route=\/wp\/v2\/types\/post"}],"author":[{"embeddable":true,"href":"https:\/\/www.verkehrsbrief.de\/index.php?rest_route=\/wp\/v2\/users\/1"}],"replies":[{"embeddable":true,"href":"https:\/\/www.verkehrsbrief.de\/index.php?rest_route=%2Fwp%2Fv2%2Fcomments&post=531"}],"version-history":[{"count":5,"href":"https:\/\/www.verkehrsbrief.de\/index.php?rest_route=\/wp\/v2\/posts\/531\/revisions"}],"predecessor-version":[{"id":544,"href":"https:\/\/www.verkehrsbrief.de\/index.php?rest_route=\/wp\/v2\/posts\/531\/revisions\/544"}],"wp:attachment":[{"href":"https:\/\/www.verkehrsbrief.de\/index.php?rest_route=%2Fwp%2Fv2%2Fmedia&parent=531"}],"wp:term":[{"taxonomy":"category","embeddable":true,"href":"https:\/\/www.verkehrsbrief.de\/index.php?rest_route=%2Fwp%2Fv2%2Fcategories&post=531"},{"taxonomy":"post_tag","embeddable":true,"href":"https:\/\/www.verkehrsbrief.de\/index.php?rest_route=%2Fwp%2Fv2%2Ftags&post=531"}],"curies":[{"name":"wp","href":"https:\/\/api.w.org\/{rel}","templated":true}]}}