{"id":510,"date":"2015-03-26T12:00:02","date_gmt":"2015-03-26T11:00:02","guid":{"rendered":"http:\/\/www.verkehrsbrief.de\/martin-staats-ist-neuer-bdb-prasident"},"modified":"2015-03-26T17:29:36","modified_gmt":"2015-03-26T16:29:36","slug":"martin-staats-ist-neuer-bdb-prasident","status":"publish","type":"post","link":"https:\/\/www.verkehrsbrief.de\/?p=510","title":{"rendered":"Martin Staats ist neuer BDB-Pr\u00e4sident"},"content":{"rendered":"<figure id=\"attachment_512\" aria-describedby=\"caption-attachment-512\" style=\"width: 220px\" class=\"wp-caption alignleft\"><a href=\"http:\/\/www.verkehrsbrief.de\/wp-content\/uploads\/2015\/03\/Staats-Martin-150325.jpg\"><img decoding=\"async\" loading=\"lazy\" class=\"size-medium wp-image-512\" src=\"http:\/\/www.verkehrsbrief.de\/wp-content\/uploads\/2015\/03\/Staats-Martin-150325-220x300.jpg\" alt=\"Martin Staats (Foto: roe)\" width=\"220\" height=\"300\" srcset=\"https:\/\/www.verkehrsbrief.de\/wp-content\/uploads\/2015\/03\/Staats-Martin-150325-220x300.jpg 220w, https:\/\/www.verkehrsbrief.de\/wp-content\/uploads\/2015\/03\/Staats-Martin-150325-298x406.jpg 298w, https:\/\/www.verkehrsbrief.de\/wp-content\/uploads\/2015\/03\/Staats-Martin-150325.jpg 500w\" sizes=\"(max-width: 220px) 100vw, 220px\" \/><\/a><figcaption id=\"caption-attachment-512\" class=\"wp-caption-text\">Martin Staats (Foto: roe)<\/figcaption><\/figure>\n<p><strong>Martin Staats<\/strong> (44) von der Binnenschifffahrts-Genossenschaft MSG ist neuer Pr\u00e4sident des Bundesverbandes der Deutschen Binnenschifffahrt (BDB). Er wurde am Mittwoch einstimmig in das Spitzenamt des Verbandes gew\u00e4hlt. <!--more-->Staats folgt auf Georg H\u00f6tte (Rhenus PartnerShip), der das Amt gleichzeitig mit seinem altersbedingten Ausscheiden aus dem Unternehmen Ende M\u00e4rz 2015 niederlegen wollte.<\/p>\n<p>Staats hat als Speditionskaufmann und Betriebswirt das Gesch\u00e4ft &#8222;von der Pike auf gelernt&#8220;, wie der BDB schreibt. Er war bei CCS Combined Container Service in Rotterdam und im Anschluss rund zehn Jahre bei dem finnischen Papier- und Holzproduktehersteller UPM in Hamburg t\u00e4tig. 2010 wurde er in den MSG-Vorstand berufen und arbeitete seit Mitte 2010 in den Gremien des BDB mit.<\/p>\n<p>Wie der BDB weiter mitteilte, wurde au\u00dferdem <strong>Dirk Gemmer<\/strong> (Rhenus PartnerShip) in den Vorstand und das Pr\u00e4sidium des BDB gew\u00e4hlt. In den Vorstand gew\u00e4hlt wurden ferner <strong>Albert Kohlmann<\/strong> von der B. Dettmer Reederei und <strong>Achim Schloemer<\/strong> von der K\u00f6ln-D\u00fcsseldorfer Deutsche Rheinschiffahrt. Er folgt auf KD-Chef Norbert Schmitz, der Anfang 2015 in den Ruhestand gegangen ist.<\/p>\n<p>Das Pr\u00e4sidium des BDB setzt sich damit ab 25. M\u00e4rz 2015 wie folgt zusammen:<\/p>\n<ul>\n<li>Martin Staats \u2013 Pr\u00e4sident (MSG eG, W\u00fcrzburg)<\/li>\n<li>Dirk Gemmer \u2013 Vizepr\u00e4sident (Rhenus PartnerShip, Duisburg)<\/li>\n<li>Gunther Jaegers \u2013 Vizepr\u00e4sident (Reederei Jaegers, Duisburg)<\/li>\n<li>Volker Seefeldt \u2013 Vizepr\u00e4sident (HTAG H\u00e4fen und Transport, Duisburg)<\/li>\n<li>Roberto Spranzi \u2013 Vizepr\u00e4sident, (DTG Deutsche Transport-Genossenschaft Binnenschifffahrt, Duisburg)<\/li>\n<\/ul>\n<p>(roe)<\/p>\n","protected":false},"excerpt":{"rendered":"<p>Martin Staats (44) von der Binnenschifffahrts-Genossenschaft MSG ist neuer Pr\u00e4sident des Bundesverbandes der Deutschen Binnenschifffahrt (BDB). Er wurde am Mittwoch einstimmig in das Spitzenamt des Verbandes gew\u00e4hlt.<\/p>\n","protected":false},"author":1,"featured_media":0,"comment_status":"open","ping_status":"open","sticky":false,"template":"","format":"standard","meta":[],"categories":[5,11],"tags":[],"_links":{"self":[{"href":"https:\/\/www.verkehrsbrief.de\/index.php?rest_route=\/wp\/v2\/posts\/510"}],"collection":[{"href":"https:\/\/www.verkehrsbrief.de\/index.php?rest_route=\/wp\/v2\/posts"}],"about":[{"href":"https:\/\/www.verkehrsbrief.de\/index.php?rest_route=\/wp\/v2\/types\/post"}],"author":[{"embeddable":true,"href":"https:\/\/www.verkehrsbrief.de\/index.php?rest_route=\/wp\/v2\/users\/1"}],"replies":[{"embeddable":true,"href":"https:\/\/www.verkehrsbrief.de\/index.php?rest_route=%2Fwp%2Fv2%2Fcomments&post=510"}],"version-history":[{"count":4,"href":"https:\/\/www.verkehrsbrief.de\/index.php?rest_route=\/wp\/v2\/posts\/510\/revisions"}],"predecessor-version":[{"id":537,"href":"https:\/\/www.verkehrsbrief.de\/index.php?rest_route=\/wp\/v2\/posts\/510\/revisions\/537"}],"wp:attachment":[{"href":"https:\/\/www.verkehrsbrief.de\/index.php?rest_route=%2Fwp%2Fv2%2Fmedia&parent=510"}],"wp:term":[{"taxonomy":"category","embeddable":true,"href":"https:\/\/www.verkehrsbrief.de\/index.php?rest_route=%2Fwp%2Fv2%2Fcategories&post=510"},{"taxonomy":"post_tag","embeddable":true,"href":"https:\/\/www.verkehrsbrief.de\/index.php?rest_route=%2Fwp%2Fv2%2Ftags&post=510"}],"curies":[{"name":"wp","href":"https:\/\/api.w.org\/{rel}","templated":true}]}}