{"id":492,"date":"2015-03-25T13:10:17","date_gmt":"2015-03-25T12:10:17","guid":{"rendered":"http:\/\/www.verkehrsbrief.de\/rudiger-kruse-vertritt-maritime-interessen-in-der-unionsfraktion"},"modified":"2015-03-26T16:53:54","modified_gmt":"2015-03-26T15:53:54","slug":"rudiger-kruse-vertritt-maritime-interessen-in-der-unionsfraktion","status":"publish","type":"post","link":"https:\/\/www.verkehrsbrief.de\/?p=492","title":{"rendered":"R\u00fcdiger Kruse vertritt maritime Interessen in der Unionsfraktion"},"content":{"rendered":"<figure id=\"attachment_493\" aria-describedby=\"caption-attachment-493\" style=\"width: 177px\" class=\"wp-caption alignleft\"><a href=\"http:\/\/www.verkehrsbrief.de\/wp-content\/uploads\/2015\/03\/kruse_ruediger_gross.jpg\"><img decoding=\"async\" loading=\"lazy\" class=\"size-full wp-image-493\" src=\"http:\/\/www.verkehrsbrief.de\/wp-content\/uploads\/2015\/03\/kruse_ruediger_gross.jpg\" alt=\"Foto: R\u00fcdiger Kruse\/G\u00f6tz Wrage\" width=\"177\" height=\"265\" \/><\/a><figcaption id=\"caption-attachment-493\" class=\"wp-caption-text\">Foto: R\u00fcdiger Kruse\/G\u00f6tz Wrage<\/figcaption><\/figure>\n<p><strong>R\u00fcdiger Kruse<\/strong> (53) ist zum neuen Beauftragten der CDU\/CSU-Bundestagsfraktion f\u00fcr die maritime Wirtschaft ernannt worden. Das teilte die Fraktion am Dienstag mit. Er folgt in dieser Funktion Eckhardt Rehberg, der vor einigen Wochen den Vorsitz der Arbeitsgruppe Haushalt \u00fcbernommen hatte. <!--more-->Der studierte Arzt ist seit 2009 Mitglied des Bundestages f\u00fcr den Wahlkreis Hamburg-Eimsb\u00fcttel. Im Bundestags-Haushaltsausschuss ist er Berichterstatter der Unionsfraktion f\u00fcr Kultur und Medien und das Bundeskanzleramt, au\u00dferdem ist er Mitglied des Rechnungspr\u00fcfungsausschusses. \u201eAls Hamburger war f\u00fcr mich immer klar, dass unser Wohlstand und unsere Sicherheit stark von den Entwicklungen auf See abh\u00e4ngen\u201c, erkl\u00e4rte Kruse zu seiner Ernennung. \u201eDer Hafen und die Werften pr\u00e4gen die Form dieser Stadt und machen deutlich sichtbar, dass der wirtschaftliche Erfolg Deutschlands untrennbar mit dem Meer verbunden ist.\u201c (roe)<\/p>\n","protected":false},"excerpt":{"rendered":"<p>R\u00fcdiger Kruse (53) ist zum neuen Beauftragten der CDU\/CSU-Bundestagsfraktion f\u00fcr die maritime Wirtschaft ernannt worden. Das teilte die Fraktion am Dienstag mit. Er folgt in dieser Funktion Eckhardt Rehberg, der vor einigen Wochen den Vorsitz der Arbeitsgruppe Haushalt \u00fcbernommen hatte.<\/p>\n","protected":false},"author":1,"featured_media":0,"comment_status":"open","ping_status":"open","sticky":false,"template":"","format":"standard","meta":[],"categories":[5,11],"tags":[],"_links":{"self":[{"href":"https:\/\/www.verkehrsbrief.de\/index.php?rest_route=\/wp\/v2\/posts\/492"}],"collection":[{"href":"https:\/\/www.verkehrsbrief.de\/index.php?rest_route=\/wp\/v2\/posts"}],"about":[{"href":"https:\/\/www.verkehrsbrief.de\/index.php?rest_route=\/wp\/v2\/types\/post"}],"author":[{"embeddable":true,"href":"https:\/\/www.verkehrsbrief.de\/index.php?rest_route=\/wp\/v2\/users\/1"}],"replies":[{"embeddable":true,"href":"https:\/\/www.verkehrsbrief.de\/index.php?rest_route=%2Fwp%2Fv2%2Fcomments&post=492"}],"version-history":[{"count":3,"href":"https:\/\/www.verkehrsbrief.de\/index.php?rest_route=\/wp\/v2\/posts\/492\/revisions"}],"predecessor-version":[{"id":530,"href":"https:\/\/www.verkehrsbrief.de\/index.php?rest_route=\/wp\/v2\/posts\/492\/revisions\/530"}],"wp:attachment":[{"href":"https:\/\/www.verkehrsbrief.de\/index.php?rest_route=%2Fwp%2Fv2%2Fmedia&parent=492"}],"wp:term":[{"taxonomy":"category","embeddable":true,"href":"https:\/\/www.verkehrsbrief.de\/index.php?rest_route=%2Fwp%2Fv2%2Fcategories&post=492"},{"taxonomy":"post_tag","embeddable":true,"href":"https:\/\/www.verkehrsbrief.de\/index.php?rest_route=%2Fwp%2Fv2%2Ftags&post=492"}],"curies":[{"name":"wp","href":"https:\/\/api.w.org\/{rel}","templated":true}]}}