{"id":3705,"date":"2016-02-25T10:03:13","date_gmt":"2016-02-25T09:03:13","guid":{"rendered":"http:\/\/www.verkehrsbrief.de\/aufgefischt-25-2-2016"},"modified":"2016-02-25T10:04:03","modified_gmt":"2016-02-25T09:04:03","slug":"aufgefischt-25-2-2016","status":"publish","type":"post","link":"https:\/\/www.verkehrsbrief.de\/?p=3705","title":{"rendered":"Aufgefischt 25.2.2016"},"content":{"rendered":"<p>NRW-Verkehrsminister Michael Groschek geht im Streit um die Auftragsverwaltung auf den Bund zu: Laut <a href=\"http:\/\/www1.wdr.de\/nachrichten\/landespolitik\/nrw-bund-laender-kompromiss-autobahnen-100.html\" target=\"_blank\">WDR<\/a>\u00a0 schl\u00e4gt er vor, der Bund solle neben der Bodewigschen Finanzierungsgesellschaft eine \u201eBauherrengesellschaft\u201c gr\u00fcnden, die die L\u00e4nder enger f\u00fchrt.<\/p>\n<p>Tschechische Abgeordnete und Senatoren haben sich bei einem Besuch in Deutschland f\u00fcr eine Ert\u00fcchtigung der Elbe als Schifffahrtsweg stark gemacht, berichten <a href=\"http:\/\/www.radio.cz\/de\/rubrik\/tagesecho\/tschechien-will-bilateralen-vertrag-zur-elbeschiffbarkeit\" target=\"_blank\">Radio Praha<\/a> und die <a href=\"http:\/\/www.pressebox.de\/pressemitteilung\/industrie-und-handelskammer-magdeburg\/Gesamtkonzept-Elbe-muss-deutliche-Verbesserung-der-Schiffbarkeit-bringen\/boxid\/781907\" target=\"_blank\">IHK Magdeburg<\/a>.<\/p>\n<p>Die Schere zwischen Normverbrauch und Realverbrauch bei Pkw hat sich 2015 auf 42 Prozent weiter ge\u00f6ffnet, teilt die <a href=\"http:\/\/www.duh.de\/pressemitteilung.html?&amp;tx_ttnews[tt_news]=3737\" target=\"_blank\">Deutsche Umwelthilfe<\/a> mit.<\/p>\n<p>In Stuttgart gilt am Freitag und Samstag erneut Feinstaubalarm, berichten unter anderem die <a href=\"http:\/\/www.stuttgarter-nachrichten.de\/inhalt.feinstaub-alarm-in-stuttgart-zweiter-versuch-mit-dem-freiwilligen-autoverzicht.67a33a27-8832-4d06-aaa6-4d4d2d814063.html\" target=\"_blank\">Stuttgarter Nachrichten<\/a>. (roe)<\/p>\n","protected":false},"excerpt":{"rendered":"<p>NRW-Verkehrsminister Michael Groschek geht im Streit um die Auftragsverwaltung auf den Bund zu: Laut WDR\u00a0 schl\u00e4gt er vor, der Bund solle neben der Bodewigschen Finanzierungsgesellschaft eine \u201eBauherrengesellschaft\u201c gr\u00fcnden, die die L\u00e4nder enger f\u00fchrt. Tschechische Abgeordnete und Senatoren haben sich bei einem Besuch in Deutschland f\u00fcr eine Ert\u00fcchtigung der Elbe als Schifffahrtsweg stark gemacht, berichten Radio [&hellip;]<\/p>\n","protected":false},"author":1,"featured_media":0,"comment_status":"open","ping_status":"open","sticky":false,"template":"","format":"standard","meta":[],"categories":[1],"tags":[],"_links":{"self":[{"href":"https:\/\/www.verkehrsbrief.de\/index.php?rest_route=\/wp\/v2\/posts\/3705"}],"collection":[{"href":"https:\/\/www.verkehrsbrief.de\/index.php?rest_route=\/wp\/v2\/posts"}],"about":[{"href":"https:\/\/www.verkehrsbrief.de\/index.php?rest_route=\/wp\/v2\/types\/post"}],"author":[{"embeddable":true,"href":"https:\/\/www.verkehrsbrief.de\/index.php?rest_route=\/wp\/v2\/users\/1"}],"replies":[{"embeddable":true,"href":"https:\/\/www.verkehrsbrief.de\/index.php?rest_route=%2Fwp%2Fv2%2Fcomments&post=3705"}],"version-history":[{"count":2,"href":"https:\/\/www.verkehrsbrief.de\/index.php?rest_route=\/wp\/v2\/posts\/3705\/revisions"}],"predecessor-version":[{"id":3707,"href":"https:\/\/www.verkehrsbrief.de\/index.php?rest_route=\/wp\/v2\/posts\/3705\/revisions\/3707"}],"wp:attachment":[{"href":"https:\/\/www.verkehrsbrief.de\/index.php?rest_route=%2Fwp%2Fv2%2Fmedia&parent=3705"}],"wp:term":[{"taxonomy":"category","embeddable":true,"href":"https:\/\/www.verkehrsbrief.de\/index.php?rest_route=%2Fwp%2Fv2%2Fcategories&post=3705"},{"taxonomy":"post_tag","embeddable":true,"href":"https:\/\/www.verkehrsbrief.de\/index.php?rest_route=%2Fwp%2Fv2%2Ftags&post=3705"}],"curies":[{"name":"wp","href":"https:\/\/api.w.org\/{rel}","templated":true}]}}