{"id":3576,"date":"2016-02-11T17:02:18","date_gmt":"2016-02-11T16:02:18","guid":{"rendered":"http:\/\/www.verkehrsbrief.de\/hessen-meldet-ortsumgehung-usingen-fur-bvwp-nach"},"modified":"2016-02-11T17:51:06","modified_gmt":"2016-02-11T16:51:06","slug":"hessen-meldet-ortsumgehung-usingen-fur-bvwp-nach","status":"publish","type":"post","link":"https:\/\/www.verkehrsbrief.de\/?p=3576","title":{"rendered":"Hessen meldet Ortsumgehung Usingen f\u00fcr BVWP nach"},"content":{"rendered":"<p>Hessen hat es 2013 vers\u00e4umt, die bereits in der Planfeststellung befindliche Ortsumfahrung Usingen f\u00fcr den neuen BVWP anzumelden. <!--more-->Wie das Landesverkehrsministerium mitteilte, seien die Projektunterlagen wegen eines \u201eB\u00fcrofehlers\u201c bei Hessen Mobil nicht auf den BMVI-Server hochgeladen worden. \u201eIch habe veranlasst, dass dies unverz\u00fcglich nachgeholt worden ist und gleichzeitig Bundesverkehrsminister Alexander Dobrindt schriftlich gebeten, das Vorhaben bei der Bewertung f\u00fcr die Aufstellung des Plans noch zu ber\u00fccksichtigen\u201c, erkl\u00e4rte Landesverkehrsminister Trake Al-Wazir am Donnerstag.<\/p>\n<p>Das Stra\u00dfenprojekt soll nach Angaben des Ministeriums die derzeit in Usingen zusammenlaufenden Bundesstra\u00dfen 456 und 275 verbinden und dabei n\u00f6rdlich um die Stadt herumf\u00fchren. Wegen vieler Br\u00fccken und aufwendiger L\u00e4rmschutzma\u00dfnahmen wird der Bau der 5,8km langen Strecke auf 37,7 Mio. EUR kalkuliert. (roe)<\/p>\n<p><strong>Externer Link:<\/strong> <a href=\"http:\/\/www.openstreetmap.de\/karte.html?zoom=14&amp;lat=50.33411&amp;lon=8.54403&amp;layers=B000TF\">Karte mit eingezeichneter Ortsumgehung<\/a><\/p>\n","protected":false},"excerpt":{"rendered":"<p>Hessen hat es 2013 vers\u00e4umt, die bereits in der Planfeststellung befindliche Ortsumfahrung Usingen f\u00fcr den neuen BVWP anzumelden.<\/p>\n","protected":false},"author":1,"featured_media":0,"comment_status":"open","ping_status":"open","sticky":false,"template":"","format":"standard","meta":[],"categories":[8],"tags":[],"_links":{"self":[{"href":"https:\/\/www.verkehrsbrief.de\/index.php?rest_route=\/wp\/v2\/posts\/3576"}],"collection":[{"href":"https:\/\/www.verkehrsbrief.de\/index.php?rest_route=\/wp\/v2\/posts"}],"about":[{"href":"https:\/\/www.verkehrsbrief.de\/index.php?rest_route=\/wp\/v2\/types\/post"}],"author":[{"embeddable":true,"href":"https:\/\/www.verkehrsbrief.de\/index.php?rest_route=\/wp\/v2\/users\/1"}],"replies":[{"embeddable":true,"href":"https:\/\/www.verkehrsbrief.de\/index.php?rest_route=%2Fwp%2Fv2%2Fcomments&post=3576"}],"version-history":[{"count":1,"href":"https:\/\/www.verkehrsbrief.de\/index.php?rest_route=\/wp\/v2\/posts\/3576\/revisions"}],"predecessor-version":[{"id":3577,"href":"https:\/\/www.verkehrsbrief.de\/index.php?rest_route=\/wp\/v2\/posts\/3576\/revisions\/3577"}],"wp:attachment":[{"href":"https:\/\/www.verkehrsbrief.de\/index.php?rest_route=%2Fwp%2Fv2%2Fmedia&parent=3576"}],"wp:term":[{"taxonomy":"category","embeddable":true,"href":"https:\/\/www.verkehrsbrief.de\/index.php?rest_route=%2Fwp%2Fv2%2Fcategories&post=3576"},{"taxonomy":"post_tag","embeddable":true,"href":"https:\/\/www.verkehrsbrief.de\/index.php?rest_route=%2Fwp%2Fv2%2Ftags&post=3576"}],"curies":[{"name":"wp","href":"https:\/\/api.w.org\/{rel}","templated":true}]}}