{"id":305,"date":"2015-03-09T10:19:39","date_gmt":"2015-03-09T09:19:39","guid":{"rendered":"http:\/\/www.verkehrsbrief.de\/presseschau-9-marz"},"modified":"2015-03-09T10:19:39","modified_gmt":"2015-03-09T09:19:39","slug":"presseschau-9-marz","status":"publish","type":"post","link":"https:\/\/www.verkehrsbrief.de\/?p=305","title":{"rendered":"Presseschau 9. M\u00e4rz"},"content":{"rendered":"<p>Bundesverkehrsminister Alexander Dobrindt will den 2012 ausgehandelten Staatsvertrag mit der Schweiz \u00fcber die Nutzung des s\u00fcdbadischen Luftraums bei Anfl\u00fcgen nach Z\u00fcrich in der vorliegenden Form nicht dem Bundestag zur Ratifizierung vorlegen, berichten <a href=\"http:\/\/www.swp.de\/ulm\/nachrichten\/suedwestumschau\/Dobrindt-sagt-Unterstuetzung-beim-Fluglaerm-zu;art4319,3098188\" target=\"_blank\">S\u00fcdwestpresse<\/a>\u00a0 und <a href=\"http:\/\/www.suedkurier.de\/nachrichten\/baden-wuerttemberg\/themensk\/Alexander-Dobrindt-8211-Ein-Minister-in-der-Warteschleife;art417921,7684151\" target=\"_blank\">S\u00fcdkurier<\/a>.<\/p>\n<p>Nach einem Bericht der <a href=\"http:\/\/www.welt.de\/print\/welt_kompakt\/print_politik\/article138196391\/SPD-Abgeordnete-rebellieren-gegen-die-Pkw-Maut.html\" target=\"_blank\">Welt<\/a> \u00e4u\u00dfern 14 SPD-Bundestagsabgeordnete in einem Positionspapier grundlegende Zweifel an der Pkw-Maut. Genannt werden Johannes Fechner, Thomas Hitschler, Lars Klingbeil und Christian Flisek. (roe)<\/p>\n","protected":false},"excerpt":{"rendered":"<p>Bundesverkehrsminister Alexander Dobrindt will den 2012 ausgehandelten Staatsvertrag mit der Schweiz \u00fcber die Nutzung des s\u00fcdbadischen Luftraums bei Anfl\u00fcgen nach Z\u00fcrich in der vorliegenden Form nicht dem Bundestag zur Ratifizierung vorlegen, berichten S\u00fcdwestpresse\u00a0 und S\u00fcdkurier. Nach einem Bericht der Welt \u00e4u\u00dfern 14 SPD-Bundestagsabgeordnete in einem Positionspapier grundlegende Zweifel an der Pkw-Maut. Genannt werden Johannes Fechner, [&hellip;]<\/p>\n","protected":false},"author":1,"featured_media":0,"comment_status":"open","ping_status":"open","sticky":false,"template":"","format":"standard","meta":[],"categories":[10,8],"tags":[],"_links":{"self":[{"href":"https:\/\/www.verkehrsbrief.de\/index.php?rest_route=\/wp\/v2\/posts\/305"}],"collection":[{"href":"https:\/\/www.verkehrsbrief.de\/index.php?rest_route=\/wp\/v2\/posts"}],"about":[{"href":"https:\/\/www.verkehrsbrief.de\/index.php?rest_route=\/wp\/v2\/types\/post"}],"author":[{"embeddable":true,"href":"https:\/\/www.verkehrsbrief.de\/index.php?rest_route=\/wp\/v2\/users\/1"}],"replies":[{"embeddable":true,"href":"https:\/\/www.verkehrsbrief.de\/index.php?rest_route=%2Fwp%2Fv2%2Fcomments&post=305"}],"version-history":[{"count":1,"href":"https:\/\/www.verkehrsbrief.de\/index.php?rest_route=\/wp\/v2\/posts\/305\/revisions"}],"predecessor-version":[{"id":306,"href":"https:\/\/www.verkehrsbrief.de\/index.php?rest_route=\/wp\/v2\/posts\/305\/revisions\/306"}],"wp:attachment":[{"href":"https:\/\/www.verkehrsbrief.de\/index.php?rest_route=%2Fwp%2Fv2%2Fmedia&parent=305"}],"wp:term":[{"taxonomy":"category","embeddable":true,"href":"https:\/\/www.verkehrsbrief.de\/index.php?rest_route=%2Fwp%2Fv2%2Fcategories&post=305"},{"taxonomy":"post_tag","embeddable":true,"href":"https:\/\/www.verkehrsbrief.de\/index.php?rest_route=%2Fwp%2Fv2%2Ftags&post=305"}],"curies":[{"name":"wp","href":"https:\/\/api.w.org\/{rel}","templated":true}]}}