{"id":2850,"date":"2015-12-01T09:15:23","date_gmt":"2015-12-01T08:15:23","guid":{"rendered":"http:\/\/www.verkehrsbrief.de\/presseschau-1-dezember-2015"},"modified":"2015-12-01T09:15:23","modified_gmt":"2015-12-01T08:15:23","slug":"presseschau-1-dezember-2015","status":"publish","type":"post","link":"https:\/\/www.verkehrsbrief.de\/?p=2850","title":{"rendered":"Presseschau 1. Dezember 2015"},"content":{"rendered":"<p>An der heutigen Sitzung der bayerischen Landesregierung, in der es unter anderem um die Finanzierung der 2. S-Bahn-Stammstrecke in M\u00fcnchen geht, wird nach einem Bericht des <a href=\"http:\/\/www.br.de\/nachrichten\/zweite-stammstrecke-s-bahn-kabinett-100.html\" target=\"_blank\">Bayrischen Rundfunks<\/a> auch Bundesverkehrsminister Alexander Dobrindt teilnehmen.<\/p>\n<p>Nach einem Bericht der <a href=\"http:\/\/www.welt.de\/wirtschaft\/article149454804\/EU-nimmt-unfaire-Rivalen-der-Lufthansa-ins-Visier.html\" target=\"_blank\">Welt<\/a> will EU-Verkehrskommissarin Violeta Bulc Luftverkehrsabkommen mit Drittstaaten k\u00fcnftig f\u00fcr alle EU-Staaten geb\u00fcndelt aushandeln, um so mehr Gewicht in die Waagschale werfen zu k\u00f6nnen und fairere Wettbewerbsbedingungen zu erreichen.<\/p>\n<p>Die St\u00e4dte im Rhein-Main-Gebiet ringen laut <a href=\"http:\/\/www.faz.net\/aktuell\/rhein-main\/in-rhein-main-ist-ein-diesel-fahrverbot-denkbar-13939734.html?printPagedArticle=true#pageIndex_2\" target=\"_blank\">FAZ<\/a> fast alle mit \u00fcberh\u00f6hten Luftschadstoffwerten. Erwogen werden Fahrverbote f\u00fcr Dieselfahrzeuge, aber auch die Binnenschifffahrt auf dem Main kommt unter Verdacht. (roe)<\/p>\n","protected":false},"excerpt":{"rendered":"<p>An der heutigen Sitzung der bayerischen Landesregierung, in der es unter anderem um die Finanzierung der 2. S-Bahn-Stammstrecke in M\u00fcnchen geht, wird nach einem Bericht des Bayrischen Rundfunks auch Bundesverkehrsminister Alexander Dobrindt teilnehmen. Nach einem Bericht der Welt will EU-Verkehrskommissarin Violeta Bulc Luftverkehrsabkommen mit Drittstaaten k\u00fcnftig f\u00fcr alle EU-Staaten geb\u00fcndelt aushandeln, um so mehr Gewicht [&hellip;]<\/p>\n","protected":false},"author":1,"featured_media":0,"comment_status":"open","ping_status":"open","sticky":false,"template":"","format":"standard","meta":[],"categories":[1],"tags":[],"_links":{"self":[{"href":"https:\/\/www.verkehrsbrief.de\/index.php?rest_route=\/wp\/v2\/posts\/2850"}],"collection":[{"href":"https:\/\/www.verkehrsbrief.de\/index.php?rest_route=\/wp\/v2\/posts"}],"about":[{"href":"https:\/\/www.verkehrsbrief.de\/index.php?rest_route=\/wp\/v2\/types\/post"}],"author":[{"embeddable":true,"href":"https:\/\/www.verkehrsbrief.de\/index.php?rest_route=\/wp\/v2\/users\/1"}],"replies":[{"embeddable":true,"href":"https:\/\/www.verkehrsbrief.de\/index.php?rest_route=%2Fwp%2Fv2%2Fcomments&post=2850"}],"version-history":[{"count":1,"href":"https:\/\/www.verkehrsbrief.de\/index.php?rest_route=\/wp\/v2\/posts\/2850\/revisions"}],"predecessor-version":[{"id":2851,"href":"https:\/\/www.verkehrsbrief.de\/index.php?rest_route=\/wp\/v2\/posts\/2850\/revisions\/2851"}],"wp:attachment":[{"href":"https:\/\/www.verkehrsbrief.de\/index.php?rest_route=%2Fwp%2Fv2%2Fmedia&parent=2850"}],"wp:term":[{"taxonomy":"category","embeddable":true,"href":"https:\/\/www.verkehrsbrief.de\/index.php?rest_route=%2Fwp%2Fv2%2Fcategories&post=2850"},{"taxonomy":"post_tag","embeddable":true,"href":"https:\/\/www.verkehrsbrief.de\/index.php?rest_route=%2Fwp%2Fv2%2Ftags&post=2850"}],"curies":[{"name":"wp","href":"https:\/\/api.w.org\/{rel}","templated":true}]}}