{"id":269,"date":"2015-03-05T10:41:38","date_gmt":"2015-03-05T09:41:38","guid":{"rendered":"http:\/\/www.verkehrsbrief.de\/mautanhorungen-am-16-und-18-marz"},"modified":"2015-03-05T10:43:49","modified_gmt":"2015-03-05T09:43:49","slug":"mautanhorungen-am-16-und-18-marz","status":"publish","type":"post","link":"https:\/\/www.verkehrsbrief.de\/?p=269","title":{"rendered":"Mautanh\u00f6rungen am 16. und 18. M\u00e4rz"},"content":{"rendered":"<p>Die Anh\u00f6rung des Bundestags-Verkehrsausschusses zur Pkw-Maut findet nun am 18. M\u00e4rz von 8 bis 10 Uhr statt. Das beschloss der Ausschuss am Donnerstagmorgen. Eine gemeinsame Anh\u00f6rung mit dem Haushaltsausschuss, die im Gespr\u00e4ch war, wurde dem Vernehmen nach von der Koalitionsmehrheit abgelehnt. Er werde nun ein eigenes Expertengespr\u00e4ch ansetzen. Der Finanzausschuss wird nach Angaben aus Oppositionskreisen aber am 16. M\u00e4rz von 12:30 bis 14:00 eine Anh\u00f6rung zur Kfz-Steuer-Entlastung veranstalten. Ebenfalls am 16. M\u00e4rz, allerdings von 14 bis 16 Uhr, findet die Anh\u00f6rung zur Novelle der Lkw-Maut statt. (roe)<\/p>\n","protected":false},"excerpt":{"rendered":"<p>Die Anh\u00f6rung des Bundestags-Verkehrsausschusses zur Pkw-Maut findet nun am 18. M\u00e4rz von 8 bis 10 Uhr statt. Das beschloss der Ausschuss am Donnerstagmorgen. Eine gemeinsame Anh\u00f6rung mit dem Haushaltsausschuss, die im Gespr\u00e4ch war, wurde dem Vernehmen nach von der Koalitionsmehrheit abgelehnt. Er werde nun ein eigenes Expertengespr\u00e4ch ansetzen. Der Finanzausschuss wird nach Angaben aus Oppositionskreisen [&hellip;]<\/p>\n","protected":false},"author":1,"featured_media":0,"comment_status":"open","ping_status":"open","sticky":false,"template":"","format":"standard","meta":[],"categories":[8],"tags":[],"_links":{"self":[{"href":"https:\/\/www.verkehrsbrief.de\/index.php?rest_route=\/wp\/v2\/posts\/269"}],"collection":[{"href":"https:\/\/www.verkehrsbrief.de\/index.php?rest_route=\/wp\/v2\/posts"}],"about":[{"href":"https:\/\/www.verkehrsbrief.de\/index.php?rest_route=\/wp\/v2\/types\/post"}],"author":[{"embeddable":true,"href":"https:\/\/www.verkehrsbrief.de\/index.php?rest_route=\/wp\/v2\/users\/1"}],"replies":[{"embeddable":true,"href":"https:\/\/www.verkehrsbrief.de\/index.php?rest_route=%2Fwp%2Fv2%2Fcomments&post=269"}],"version-history":[{"count":3,"href":"https:\/\/www.verkehrsbrief.de\/index.php?rest_route=\/wp\/v2\/posts\/269\/revisions"}],"predecessor-version":[{"id":272,"href":"https:\/\/www.verkehrsbrief.de\/index.php?rest_route=\/wp\/v2\/posts\/269\/revisions\/272"}],"wp:attachment":[{"href":"https:\/\/www.verkehrsbrief.de\/index.php?rest_route=%2Fwp%2Fv2%2Fmedia&parent=269"}],"wp:term":[{"taxonomy":"category","embeddable":true,"href":"https:\/\/www.verkehrsbrief.de\/index.php?rest_route=%2Fwp%2Fv2%2Fcategories&post=269"},{"taxonomy":"post_tag","embeddable":true,"href":"https:\/\/www.verkehrsbrief.de\/index.php?rest_route=%2Fwp%2Fv2%2Ftags&post=269"}],"curies":[{"name":"wp","href":"https:\/\/api.w.org\/{rel}","templated":true}]}}