{"id":264,"date":"2015-03-04T17:22:21","date_gmt":"2015-03-04T16:22:21","guid":{"rendered":"http:\/\/www.verkehrsbrief.de\/al-wazir-gibt-fraport-freie-hand-bei-terminal-3"},"modified":"2015-03-04T21:51:40","modified_gmt":"2015-03-04T20:51:40","slug":"al-wazir-gibt-fraport-freie-hand-bei-terminal-3","status":"publish","type":"post","link":"https:\/\/www.verkehrsbrief.de\/?p=264","title":{"rendered":"Al-Wazir gibt Fraport freie Hand bei Terminal 3"},"content":{"rendered":"<p>Der hessische Verkehrsminister Tarek Al-Wazir gibt dem teilweise landeseigenen Flughafenbetreiber freie Hand bei der Entscheidung, ob er das umstrittene Terminal 3 baut. \u201eDas ist angesichts des \u00fcber zehnj\u00e4hrigen Vorlaufs und der rechtlichen Situation keine politische Entscheidung mehr, sondern eine rein \u00f6konomische Frage, die nur das Unternehmen beantworten kann&#8220;, sagte Al-Wazir im im Landtag bei der Vorstellung einer &#8222;<a href=\"https:\/\/www.hessen.de\/presse\/pressemitteilung\/al-wazir-stellt-bedarfspruefung-zum-terminal-3-vor-0\" target=\"_blank\">Bedarfspr\u00fcfung&#8220;<\/a>, die das Land in Auftrag gegeben hatte. Der Bau des Terminals ist seit 2007 planfestgestellt. Seit August 2014 liegt die Baugenehmigung vor.<\/p>\n<p>In dem Gutachten waren die Prognosen von Fraport noch einmal kritisch untersucht worden, damit &#8211; wie Al-Wazir sagte &#8211; &#8222;unsere Unternehmensbeteiligung mit einem aktuellen Wert von rund 1,5 Milliarden Euro bestm\u00f6glich wahrgenommen wird&#8220;. Laut Gutachtern k\u00f6nnten die Alternativen zum Bau von Terminal 3 steigende Fluggastzahlen nur in einem wesentlich geringeren Umfang auffangen, sie seien aber zugleich deutlich g\u00fcnstiger und mit geringeren \u00f6konomischen Risiken verbunden. &#8222;Die Fraport w\u00e4re daher sicherlich gut beraten, die Alternativen noch einmal gr\u00fcndlich zu pr\u00fcfen und in eine erneute vertiefte Diskussion einzusteigen.\u201c<\/p>\n<p>Klaus-Peter Siegloch, Pr\u00e4sident des Branchenverbandes BDL, sprach f\u00fcr den Bau des Terminals 3 aus. &#8222;Das internationale Drehkreuz Frankfurt wird sp\u00e4testens in sechs Jahren seine Kapazit\u00e4tsgrenzen \u00fcberschritten haben&#8220;, lie\u00df er mitteilen. &#8222;Ein drittes Terminal ist daher unverzichtbar, wenn Deutschland im internationalen Luftverkehr mithalten will.&#8220; (roe)<\/p>\n","protected":false},"excerpt":{"rendered":"<p>Der hessische Verkehrsminister Tarek Al-Wazir gibt dem teilweise landeseigenen Flughafenbetreiber freie Hand bei der Entscheidung, ob er das umstrittene Terminal 3 baut. \u201eDas ist angesichts des \u00fcber zehnj\u00e4hrigen Vorlaufs und der rechtlichen Situation keine politische Entscheidung mehr, sondern eine rein \u00f6konomische Frage, die nur das Unternehmen beantworten kann&#8220;, sagte Al-Wazir im im Landtag bei der [&hellip;]<\/p>\n","protected":false},"author":1,"featured_media":0,"comment_status":"open","ping_status":"open","sticky":false,"template":"","format":"standard","meta":[],"categories":[10],"tags":[],"_links":{"self":[{"href":"https:\/\/www.verkehrsbrief.de\/index.php?rest_route=\/wp\/v2\/posts\/264"}],"collection":[{"href":"https:\/\/www.verkehrsbrief.de\/index.php?rest_route=\/wp\/v2\/posts"}],"about":[{"href":"https:\/\/www.verkehrsbrief.de\/index.php?rest_route=\/wp\/v2\/types\/post"}],"author":[{"embeddable":true,"href":"https:\/\/www.verkehrsbrief.de\/index.php?rest_route=\/wp\/v2\/users\/1"}],"replies":[{"embeddable":true,"href":"https:\/\/www.verkehrsbrief.de\/index.php?rest_route=%2Fwp%2Fv2%2Fcomments&post=264"}],"version-history":[{"count":2,"href":"https:\/\/www.verkehrsbrief.de\/index.php?rest_route=\/wp\/v2\/posts\/264\/revisions"}],"predecessor-version":[{"id":266,"href":"https:\/\/www.verkehrsbrief.de\/index.php?rest_route=\/wp\/v2\/posts\/264\/revisions\/266"}],"wp:attachment":[{"href":"https:\/\/www.verkehrsbrief.de\/index.php?rest_route=%2Fwp%2Fv2%2Fmedia&parent=264"}],"wp:term":[{"taxonomy":"category","embeddable":true,"href":"https:\/\/www.verkehrsbrief.de\/index.php?rest_route=%2Fwp%2Fv2%2Fcategories&post=264"},{"taxonomy":"post_tag","embeddable":true,"href":"https:\/\/www.verkehrsbrief.de\/index.php?rest_route=%2Fwp%2Fv2%2Ftags&post=264"}],"curies":[{"name":"wp","href":"https:\/\/api.w.org\/{rel}","templated":true}]}}