{"id":2134,"date":"2015-10-02T10:28:18","date_gmt":"2015-10-02T08:28:18","guid":{"rendered":"http:\/\/www.verkehrsbrief.de\/presseschau-2-oktober"},"modified":"2015-10-02T15:19:38","modified_gmt":"2015-10-02T13:19:38","slug":"presseschau-2-oktober","status":"publish","type":"post","link":"https:\/\/www.verkehrsbrief.de\/?p=2134","title":{"rendered":"Presseschau 2. Oktober"},"content":{"rendered":"<p>Ein Baufehler hat das Absacken der Schiersteiner Br\u00fccke und die nachfolgende Sperrung verursacht. Beim nicht fachm\u00e4nnischen Einbau sogenannter Mikropf\u00e4hle, der wegen danebenliegenden Ersatzneubaus notwendig gewesen sei, habe sich der Boden gelockert und einen Br\u00fcckenpfeiler absacken lassen, berichtet unter anderem der <a href=\"http:\/\/www.swr.de\/landesschau-aktuell\/rp\/schiersteiner-bruecke-zwischen-mainz-und-wiesbaden-land-will-schadenersatz-fuer-bruecken-gau\/-\/id=1682\/did=16240752\/nid=1682\/ya0gui\/\" target=\"_blank\">SWR<\/a> unter Berufung auf einen Bericht des Landesverkehrsministeriums.<\/p>\n<p>Ebenfalls der <a href=\"http:\/\/www.swr.de\/landesschau-aktuell\/bw\/deutschland-premiere-auf-der-a8-lkw-faehrt-erstmals-alleine-auf-der-autobahn\/-\/id=1622\/did=16243036\/nid=1622\/191wgeh\/index.html\" target=\"_blank\">SWR<\/a> berichtet \u00fcber die f\u00fcr den heutigen Freitag anstehende erste Fahrt eines autonom fahrenden Lkw im normalen Autobahnbetrieb auf der A8 in Baden-W\u00fcrttemberg.<\/p>\n<p>Die Adenauerbr\u00fccke \u00fcber die Donau zwischen Ulm und Neu-Ulm (B10\/B28) muss laut <a href=\"http:\/\/www.augsburger-allgemeine.de\/neu-ulm\/Adenauerbruecke-Stresstest-bestanden-id35647697.html\" target=\"_blank\">Augsburger Allgemeine<\/a>\u00a0 binnen zehn Jahren ersetzt werden und hat damit l\u00e4nger Zeit als von den beiden St\u00e4dten bef\u00fcrchtet. Unklar ist ist aber, wer Baulasttr\u00e4ger auf der baden-w\u00fcrttembergischen Seite ist \u2013 Bund oder die Stadt Ulm. (roe)<\/p>\n","protected":false},"excerpt":{"rendered":"<p>Ein Baufehler hat das Absacken der Schiersteiner Br\u00fccke und die nachfolgende Sperrung verursacht. Beim nicht fachm\u00e4nnischen Einbau sogenannter Mikropf\u00e4hle, der wegen danebenliegenden Ersatzneubaus notwendig gewesen sei, habe sich der Boden gelockert und einen Br\u00fcckenpfeiler absacken lassen, berichtet unter anderem der SWR unter Berufung auf einen Bericht des Landesverkehrsministeriums. Ebenfalls der SWR berichtet \u00fcber die f\u00fcr [&hellip;]<\/p>\n","protected":false},"author":1,"featured_media":0,"comment_status":"open","ping_status":"open","sticky":false,"template":"","format":"standard","meta":[],"categories":[1],"tags":[],"_links":{"self":[{"href":"https:\/\/www.verkehrsbrief.de\/index.php?rest_route=\/wp\/v2\/posts\/2134"}],"collection":[{"href":"https:\/\/www.verkehrsbrief.de\/index.php?rest_route=\/wp\/v2\/posts"}],"about":[{"href":"https:\/\/www.verkehrsbrief.de\/index.php?rest_route=\/wp\/v2\/types\/post"}],"author":[{"embeddable":true,"href":"https:\/\/www.verkehrsbrief.de\/index.php?rest_route=\/wp\/v2\/users\/1"}],"replies":[{"embeddable":true,"href":"https:\/\/www.verkehrsbrief.de\/index.php?rest_route=%2Fwp%2Fv2%2Fcomments&post=2134"}],"version-history":[{"count":2,"href":"https:\/\/www.verkehrsbrief.de\/index.php?rest_route=\/wp\/v2\/posts\/2134\/revisions"}],"predecessor-version":[{"id":2143,"href":"https:\/\/www.verkehrsbrief.de\/index.php?rest_route=\/wp\/v2\/posts\/2134\/revisions\/2143"}],"wp:attachment":[{"href":"https:\/\/www.verkehrsbrief.de\/index.php?rest_route=%2Fwp%2Fv2%2Fmedia&parent=2134"}],"wp:term":[{"taxonomy":"category","embeddable":true,"href":"https:\/\/www.verkehrsbrief.de\/index.php?rest_route=%2Fwp%2Fv2%2Fcategories&post=2134"},{"taxonomy":"post_tag","embeddable":true,"href":"https:\/\/www.verkehrsbrief.de\/index.php?rest_route=%2Fwp%2Fv2%2Ftags&post=2134"}],"curies":[{"name":"wp","href":"https:\/\/api.w.org\/{rel}","templated":true}]}}