{"id":2057,"date":"2015-09-28T10:16:34","date_gmt":"2015-09-28T08:16:34","guid":{"rendered":"http:\/\/www.verkehrsbrief.de\/presseschau-28-september"},"modified":"2015-09-28T17:37:45","modified_gmt":"2015-09-28T15:37:45","slug":"presseschau-28-september","status":"publish","type":"post","link":"https:\/\/www.verkehrsbrief.de\/?p=2057","title":{"rendered":"Presseschau 28. September"},"content":{"rendered":"<p>NRW-Verkehrsminister Michael Groschek spielt in den <a href=\"http:\/\/www.mt.de\/lokales\/regionales\/20580824_NRW-Verkehrsminister-Michael-Groschek-im-Interview-ueber-den-Ausbau-der-A-2.html\" target=\"_blank\">Westf\u00e4lischen Nachrichten<\/a> den Ball wegen des mangelndes Planungsvorlaufs f\u00fcr Bundesfernstra\u00dfenprojekte an den Bund zur\u00fcck: 10 Prozent Planungskosten m\u00fcssten von den L\u00e4ndern auf eigenes Risiko gestemmt werden, die dann \u201ebei Schule, Polizei oder Justiz fehlen\u201c.<\/p>\n<p>In Schleswig-Holstein trifft sich laut SHZ-Zeitungen am heutigen Montag erneut die \u201eKommission zur Standardabsenkung\u201c, die Einsparpotenziale in der Stra\u00dfenverwaltung identifizieren soll. (siehe auch <a href=\"http:\/\/www.verkehrsbrief.de\/?p=1925\" target=\"_blank\">hier<\/a>)<\/p>\n<p>Die Schweizer Kraftfahrtbeh\u00f6rde Astra hat den manipulationsverd\u00e4chtigen Fahrzeugen des VW-Konzerns vorsorglich die Typgenehmigung entzogen, berichtet <a href=\"http:\/\/www.20min.ch\/finance\/news\/story\/24249751\" target=\"_blank\">20 Minuten<\/a>. Damit d\u00fcrfen sie in der Schweiz nicht mehr verkauft werden. (roe)<\/p>\n","protected":false},"excerpt":{"rendered":"<p>NRW-Verkehrsminister Michael Groschek spielt in den Westf\u00e4lischen Nachrichten den Ball wegen des mangelndes Planungsvorlaufs f\u00fcr Bundesfernstra\u00dfenprojekte an den Bund zur\u00fcck: 10 Prozent Planungskosten m\u00fcssten von den L\u00e4ndern auf eigenes Risiko gestemmt werden, die dann \u201ebei Schule, Polizei oder Justiz fehlen\u201c. In Schleswig-Holstein trifft sich laut SHZ-Zeitungen am heutigen Montag erneut die \u201eKommission zur Standardabsenkung\u201c, die [&hellip;]<\/p>\n","protected":false},"author":1,"featured_media":0,"comment_status":"open","ping_status":"open","sticky":false,"template":"","format":"standard","meta":[],"categories":[1],"tags":[],"_links":{"self":[{"href":"https:\/\/www.verkehrsbrief.de\/index.php?rest_route=\/wp\/v2\/posts\/2057"}],"collection":[{"href":"https:\/\/www.verkehrsbrief.de\/index.php?rest_route=\/wp\/v2\/posts"}],"about":[{"href":"https:\/\/www.verkehrsbrief.de\/index.php?rest_route=\/wp\/v2\/types\/post"}],"author":[{"embeddable":true,"href":"https:\/\/www.verkehrsbrief.de\/index.php?rest_route=\/wp\/v2\/users\/1"}],"replies":[{"embeddable":true,"href":"https:\/\/www.verkehrsbrief.de\/index.php?rest_route=%2Fwp%2Fv2%2Fcomments&post=2057"}],"version-history":[{"count":3,"href":"https:\/\/www.verkehrsbrief.de\/index.php?rest_route=\/wp\/v2\/posts\/2057\/revisions"}],"predecessor-version":[{"id":2079,"href":"https:\/\/www.verkehrsbrief.de\/index.php?rest_route=\/wp\/v2\/posts\/2057\/revisions\/2079"}],"wp:attachment":[{"href":"https:\/\/www.verkehrsbrief.de\/index.php?rest_route=%2Fwp%2Fv2%2Fmedia&parent=2057"}],"wp:term":[{"taxonomy":"category","embeddable":true,"href":"https:\/\/www.verkehrsbrief.de\/index.php?rest_route=%2Fwp%2Fv2%2Fcategories&post=2057"},{"taxonomy":"post_tag","embeddable":true,"href":"https:\/\/www.verkehrsbrief.de\/index.php?rest_route=%2Fwp%2Fv2%2Ftags&post=2057"}],"curies":[{"name":"wp","href":"https:\/\/api.w.org\/{rel}","templated":true}]}}