{"id":1937531,"date":"2024-02-22T10:07:23","date_gmt":"2024-02-22T09:07:23","guid":{"rendered":"https:\/\/www.verkehrsbrief.de\/?p=1937531"},"modified":"2024-02-22T10:07:56","modified_gmt":"2024-02-22T09:07:56","slug":"eu-luftqualitaetsrichtlinie-neue-fahrverbote-praktisch-ausgeschlossen","status":"publish","type":"post","link":"https:\/\/www.verkehrsbrief.de\/?p=1937531","title":{"rendered":"EU-Luftqualit\u00e4tsrichtlinie: Neue Fahrverbote praktisch ausgeschlossen"},"content":{"rendered":"\n<figure class=\"wp-block-image size-full\"><a href=\"https:\/\/www.verkehrsbrief.de\/wp-content\/uploads\/2024\/02\/DALL\u00b7E-2024-02-22-10.04.39-trucks-stuck-in-a-german-inner-city-traffic-jam-with-visible-air-pollution.png\"><img decoding=\"async\" loading=\"lazy\" width=\"1024\" height=\"1024\" src=\"https:\/\/www.verkehrsbrief.de\/wp-content\/uploads\/2024\/02\/DALL\u00b7E-2024-02-22-10.04.39-trucks-stuck-in-a-german-inner-city-traffic-jam-with-visible-air-pollution.png\" alt=\"\" class=\"wp-image-1937532\" srcset=\"https:\/\/www.verkehrsbrief.de\/wp-content\/uploads\/2024\/02\/DALL\u00b7E-2024-02-22-10.04.39-trucks-stuck-in-a-german-inner-city-traffic-jam-with-visible-air-pollution.png 1024w, https:\/\/www.verkehrsbrief.de\/wp-content\/uploads\/2024\/02\/DALL\u00b7E-2024-02-22-10.04.39-trucks-stuck-in-a-german-inner-city-traffic-jam-with-visible-air-pollution-300x300.png 300w, https:\/\/www.verkehrsbrief.de\/wp-content\/uploads\/2024\/02\/DALL\u00b7E-2024-02-22-10.04.39-trucks-stuck-in-a-german-inner-city-traffic-jam-with-visible-air-pollution-150x150.png 150w, https:\/\/www.verkehrsbrief.de\/wp-content\/uploads\/2024\/02\/DALL\u00b7E-2024-02-22-10.04.39-trucks-stuck-in-a-german-inner-city-traffic-jam-with-visible-air-pollution-768x768.png 768w, https:\/\/www.verkehrsbrief.de\/wp-content\/uploads\/2024\/02\/DALL\u00b7E-2024-02-22-10.04.39-trucks-stuck-in-a-german-inner-city-traffic-jam-with-visible-air-pollution-406x406.png 406w\" sizes=\"(max-width: 1024px) 100vw, 1024px\" \/><\/a><figcaption class=\"wp-element-caption\"><sub>&#8222;trucks stuck in a german inner city traffic jam with visible air pollution&#8220; (Dall-E)<\/sub><\/figcaption><\/figure>\n\n\n\n<p>Das Bundesumweltministerium zeigt sich zuversichtlich, mit dem am 20. Februar gefundenen Kompromiss f\u00fcr die EU-Luftqualit\u00e4tsrichtlinie erneute Fahrverbote vermeiden zu k\u00f6nnen. <em><a href=\"https:\/\/www.verkehrsrundschau.de\/nachrichten\/transport-logistik\/eu-luftqualitaetsrichtlinie-neue-fahrverbote-praktisch-ausgeschlossen-3484781\" data-type=\"URL\" data-id=\"https:\/\/www.verkehrsrundschau.de\/nachrichten\/transport-logistik\/eu-luftqualitaetsrichtlinie-neue-fahrverbote-praktisch-ausgeschlossen-3484781\">Lesen Sie mehr auf Verkehrsrundschau.de.<\/a><\/em><\/p>\n","protected":false},"excerpt":{"rendered":"<p>Das Bundesumweltministerium zeigt sich zuversichtlich, mit dem am 20. Februar gefundenen Kompromiss f\u00fcr die EU-Luftqualit\u00e4tsrichtlinie erneute Fahrverbote vermeiden zu k\u00f6nnen. Lesen Sie mehr auf Verkehrsrundschau.de.<\/p>\n","protected":false},"author":1,"featured_media":0,"comment_status":"closed","ping_status":"open","sticky":false,"template":"","format":"standard","meta":[],"categories":[8],"tags":[],"_links":{"self":[{"href":"https:\/\/www.verkehrsbrief.de\/index.php?rest_route=\/wp\/v2\/posts\/1937531"}],"collection":[{"href":"https:\/\/www.verkehrsbrief.de\/index.php?rest_route=\/wp\/v2\/posts"}],"about":[{"href":"https:\/\/www.verkehrsbrief.de\/index.php?rest_route=\/wp\/v2\/types\/post"}],"author":[{"embeddable":true,"href":"https:\/\/www.verkehrsbrief.de\/index.php?rest_route=\/wp\/v2\/users\/1"}],"replies":[{"embeddable":true,"href":"https:\/\/www.verkehrsbrief.de\/index.php?rest_route=%2Fwp%2Fv2%2Fcomments&post=1937531"}],"version-history":[{"count":2,"href":"https:\/\/www.verkehrsbrief.de\/index.php?rest_route=\/wp\/v2\/posts\/1937531\/revisions"}],"predecessor-version":[{"id":1937534,"href":"https:\/\/www.verkehrsbrief.de\/index.php?rest_route=\/wp\/v2\/posts\/1937531\/revisions\/1937534"}],"wp:attachment":[{"href":"https:\/\/www.verkehrsbrief.de\/index.php?rest_route=%2Fwp%2Fv2%2Fmedia&parent=1937531"}],"wp:term":[{"taxonomy":"category","embeddable":true,"href":"https:\/\/www.verkehrsbrief.de\/index.php?rest_route=%2Fwp%2Fv2%2Fcategories&post=1937531"},{"taxonomy":"post_tag","embeddable":true,"href":"https:\/\/www.verkehrsbrief.de\/index.php?rest_route=%2Fwp%2Fv2%2Ftags&post=1937531"}],"curies":[{"name":"wp","href":"https:\/\/api.w.org\/{rel}","templated":true}]}}