{"id":1936757,"date":"2018-08-28T15:23:44","date_gmt":"2018-08-28T13:23:44","guid":{"rendered":"https:\/\/www.verkehrsbrief.de\/?p=1936757"},"modified":"2018-08-28T15:49:57","modified_gmt":"2018-08-28T13:49:57","slug":"bmvi-gibt-startschuss-fuer-bim-kompetenzzentrum","status":"publish","type":"post","link":"https:\/\/www.verkehrsbrief.de\/?p=1936757","title":{"rendered":"BMVI gibt Startschuss f\u00fcr BIM-Kompetenzzentrum"},"content":{"rendered":"<p>Das Bundesverkehrsministerium will mit einem BIM-Kompetenzzentrum die Verwaltungen und die Bauwirtschaft beim \u00dcbergang zum digitalen Planen und Bauen (Building Information Modeling\/BIM) unterst\u00fctzen. <!--more-->\u201eDa alles gewonnene Wissen und alle aufgebauten Infrastrukturen zum Bereich BIM durch das Kompetenzzentrum der Allgemeinheit \u00f6ffentlich zug\u00e4nglich gemacht werden, erhofft sich der Bund, dass auch die vom und mit dem Kompetenzzentrum erarbeiteten Ma\u00dfst\u00e4be Vorbild f\u00fcr den privaten Baubereich werden\u201c, hei\u00dft es in einer Ende August ver\u00f6ffentlichten Ausschreibung.<\/p>\n<p>Noch in diesem Jahr soll ein Betreiber f\u00fcr das bereits im Januar 2017 angek\u00fcndigte Zentrum gefunden und beauftragt werden. Anschlie\u00dfend soll das BIM-Kompetenzzentrum binnen drei Monaten den Betrieb aufnehmen. Hintergrund ist, dass das BMVI ab Ende 2020 alle von ihm finanzierten Verkehrsinfrastrukturprojekte mit BIM planen, bauen und sp\u00e4ter auch betreiben will. Als Hauptsitz ist Berlin vorgesehen, die Vertragsdauer ist bis Ende 2022 angesetzt (mit Option auf Verl\u00e4ngerung um ein Jahr).<\/p>\n<p>Als Kernaufgaben des Kompetenzzentrums betrachtet das BMVI:<\/p>\n<ul>\n<li>die Entwicklung einer Normierungsstrategie, wobei die Standardisierungsarbeit selbst Aufgabe der Wirtschaft und der Normungsgremien bleibt;<\/li>\n<li>die Unterst\u00fctzung von Auftraggebern in der Bundesverwaltung bei Vergabe von BIM-basierten Bauauftr\u00e4gen, speziell bei den Auftraggeber-Informations-Anforderungen (AIA)<\/li>\n<li>der Betrieb einer BIM-Cloud, auf die sowohl Auftraggeber als auch Auftragnehmer zugreifen k\u00f6nnen;<\/li>\n<li>Wissenstransfer in die Wirtschaft und die Bundesverwaltung, wozu unter anderem zweimal im Jahr ein Dialogforum zur Digitalisierung des Bauwesens veranstaltet werden soll.<\/li>\n<\/ul>\n<p>Gro\u00dfen Wert legt das BMVI darauf, dass die BIM-Objekte herstellerneutral formuliert werden, als Open Data jedermann zur Verf\u00fcgung stehen und auf propriet\u00e4re Austauschformate verzichtet wird. (roe)<\/p>\n","protected":false},"excerpt":{"rendered":"<p>Das Bundesverkehrsministerium will mit einem BIM-Kompetenzzentrum die Verwaltungen und die Bauwirtschaft beim \u00dcbergang zum digitalen Planen und Bauen (Building Information Modeling\/BIM) unterst\u00fctzen.<\/p>\n","protected":false},"author":1,"featured_media":0,"comment_status":"closed","ping_status":"open","sticky":false,"template":"","format":"standard","meta":[],"categories":[9,8,11],"tags":[],"_links":{"self":[{"href":"https:\/\/www.verkehrsbrief.de\/index.php?rest_route=\/wp\/v2\/posts\/1936757"}],"collection":[{"href":"https:\/\/www.verkehrsbrief.de\/index.php?rest_route=\/wp\/v2\/posts"}],"about":[{"href":"https:\/\/www.verkehrsbrief.de\/index.php?rest_route=\/wp\/v2\/types\/post"}],"author":[{"embeddable":true,"href":"https:\/\/www.verkehrsbrief.de\/index.php?rest_route=\/wp\/v2\/users\/1"}],"replies":[{"embeddable":true,"href":"https:\/\/www.verkehrsbrief.de\/index.php?rest_route=%2Fwp%2Fv2%2Fcomments&post=1936757"}],"version-history":[{"count":4,"href":"https:\/\/www.verkehrsbrief.de\/index.php?rest_route=\/wp\/v2\/posts\/1936757\/revisions"}],"predecessor-version":[{"id":1936761,"href":"https:\/\/www.verkehrsbrief.de\/index.php?rest_route=\/wp\/v2\/posts\/1936757\/revisions\/1936761"}],"wp:attachment":[{"href":"https:\/\/www.verkehrsbrief.de\/index.php?rest_route=%2Fwp%2Fv2%2Fmedia&parent=1936757"}],"wp:term":[{"taxonomy":"category","embeddable":true,"href":"https:\/\/www.verkehrsbrief.de\/index.php?rest_route=%2Fwp%2Fv2%2Fcategories&post=1936757"},{"taxonomy":"post_tag","embeddable":true,"href":"https:\/\/www.verkehrsbrief.de\/index.php?rest_route=%2Fwp%2Fv2%2Ftags&post=1936757"}],"curies":[{"name":"wp","href":"https:\/\/api.w.org\/{rel}","templated":true}]}}