{"id":1848895,"date":"2016-11-08T19:45:00","date_gmt":"2016-11-08T19:45:00","guid":{"rendered":"http:\/\/www.verkehrsbrief.de\/vcd-wahlt-neue-spitze"},"modified":"2016-11-08T19:45:00","modified_gmt":"2016-11-08T19:45:00","slug":"vcd-wahlt-neue-spitze","status":"publish","type":"post","link":"https:\/\/www.verkehrsbrief.de\/?p=1848895","title":{"rendered":"VCD w\u00e4hlt neue Spitze"},"content":{"rendered":"<p><img decoding=\"async\" loading=\"lazy\" src=\"http:\/\/verkehrsbrief.knowe.de\/fm\/5571\/Ziesak-Michael-Rauch-Wassilis-von-FotoVCD.jpg\" width=\"800\" height=\"450\" alt=\"\" class=\" size-medium wp-image-114 alignleft\"><\/p>\n<p>Er wurde am vergangenen Wochenende auf der Bundesdelegiertenversammlung in Bad Herrenalb gew\u00e4hlt, wie der Verband mitteilte. Er folgt auf Michael Ziesak (geb. Gehrmann), der 14 Jahre lang den VCD f\u00fchrte und in diesem Jahr nicht mehr kandidierte.<\/p>\n<p>Der 1979 geborene Wasilis von Rauch absolvierte ein Studium als Diplom-Geograph an der HU Berlin, wo er sich bereits mit der internationalen Klimapolitik und Volkswirtschaftslehre auseinandersetzte. Anschlie\u00dfend ging er zum VCD, wo er sich im Rahmen des vom VCD begleiteten Lastenradprojekts auch einen Namen in der G\u00fcterverkehrsbranche machte. 2015 wechselte er in den VCD-Bundesvorstand. Dar\u00fcber hinaus arbeitet er als selbstst\u00e4ndiger Berater, Fachautor und Projektentwickler im Bereich Mobilit\u00e4t und Multimodalit\u00e4t. Dabei liegt sein Fokus bisher auf Fahrrad, Elektrorad, Cargobikes, aber auch der Entwicklung von lebenswerten St\u00e4dten. (roe)<\/p>\n","protected":false},"excerpt":{"rendered":"<p>Er wurde am vergangenen Wochenende auf der Bundesdelegiertenversammlung in Bad Herrenalb gew\u00e4hlt, wie der Verband mitteilte. Er folgt auf Michael Ziesak (geb. Gehrmann), der 14 Jahre lang den VCD f\u00fchrte und in diesem Jahr nicht mehr kandidierte. Der 1979 geborene Wasilis von Rauch absolvierte ein Studium als Diplom-Geograph an der HU Berlin, wo er sich [&hellip;]<\/p>\n","protected":false},"author":1,"featured_media":0,"comment_status":"open","ping_status":"open","sticky":false,"template":"","format":"standard","meta":[],"categories":[5],"tags":[],"_links":{"self":[{"href":"https:\/\/www.verkehrsbrief.de\/index.php?rest_route=\/wp\/v2\/posts\/1848895"}],"collection":[{"href":"https:\/\/www.verkehrsbrief.de\/index.php?rest_route=\/wp\/v2\/posts"}],"about":[{"href":"https:\/\/www.verkehrsbrief.de\/index.php?rest_route=\/wp\/v2\/types\/post"}],"author":[{"embeddable":true,"href":"https:\/\/www.verkehrsbrief.de\/index.php?rest_route=\/wp\/v2\/users\/1"}],"replies":[{"embeddable":true,"href":"https:\/\/www.verkehrsbrief.de\/index.php?rest_route=%2Fwp%2Fv2%2Fcomments&post=1848895"}],"version-history":[{"count":0,"href":"https:\/\/www.verkehrsbrief.de\/index.php?rest_route=\/wp\/v2\/posts\/1848895\/revisions"}],"wp:attachment":[{"href":"https:\/\/www.verkehrsbrief.de\/index.php?rest_route=%2Fwp%2Fv2%2Fmedia&parent=1848895"}],"wp:term":[{"taxonomy":"category","embeddable":true,"href":"https:\/\/www.verkehrsbrief.de\/index.php?rest_route=%2Fwp%2Fv2%2Fcategories&post=1848895"},{"taxonomy":"post_tag","embeddable":true,"href":"https:\/\/www.verkehrsbrief.de\/index.php?rest_route=%2Fwp%2Fv2%2Ftags&post=1848895"}],"curies":[{"name":"wp","href":"https:\/\/api.w.org\/{rel}","templated":true}]}}