{"id":1847916,"date":"2016-11-07T10:08:00","date_gmt":"2016-11-07T10:08:00","guid":{"rendered":"http:\/\/www.verkehrsbrief.de\/aufgefischt-7-11-2016"},"modified":"2016-11-07T10:08:00","modified_gmt":"2016-11-07T10:08:00","slug":"aufgefischt-7-11-2016","status":"publish","type":"post","link":"https:\/\/www.verkehrsbrief.de\/?p=1847916","title":{"rendered":"Aufgefischt 7.11.2016"},"content":{"rendered":"<p>Laut <a href=\"http:\/\/www.focus.de\/regional\/baden-wuerttemberg\/verkehr-bericht-dobrindt-beschleunigt-21-grosse-bahnprojekte_id_6164074.html\">Focus<\/a> will das BMVI zus\u00e4tzlich 138 Mio. EUR aus dem Zukunftsinvestitionsprogramm des Bundes in die Beschleunigung von 21 gro\u00dfen Bahnprojekte stecken. (<a href=\"http:\/\/www.verkehrsbrief.de\/138-mio-eur-fuer-die-db-1848206.html\">Eigener Bericht<\/a>)<\/p>\n<p>\u00d6sterreich will die neue Version der deutschen Pkw-Maut genau auf m\u00f6gliche Ausl\u00e4nderdiskriminierung pr\u00fcfen und droht indirekt mit einer Klage. Das l\u00e4sst Verkehrsminister J\u00f6rg Leichtfried <a href=\"https:\/\/www.bmvit.gv.at\/presse\/aktuell\/nvm\/2016\/1104OTS0072.html\">mitteilen<\/a>.<\/p>\n<p>Der hessische CDU-Abgeordnete Helmut Heiderich bem\u00e4ngelt laut Kreisanzeiger f\u00fcr Hersfeld-Rotenburg, dass die hessische Stra\u00dfenbauverwaltung beim Ausbau der A4 nicht vorankommt, obwohl der Bund gen\u00fcgend Geld bereitstelle. Gegebenenfalls m\u00fcsse die Deges die Planung \u00fcbernehmen. F\u00fcr den 25. November sei ein Gespr\u00e4ch im BMVI angesetzt.<\/p>\n<p>Gr\u00fcne und Linke in Berlin wollen im Zuge der Koalitionsverhandlungen das Nachtflugverbot am BER auf 22 bis 6 Uhr ausweiten (bisher: 23 bis 5 Uhr), berichtet die <a href=\"http:\/\/www.bz-berlin.de\/berlin\/umland\/berliner-gruene-machen-den-ber-zum-flughaefchen\">B.Z<\/a>. Brandenburg war mit einem \u00e4hnlichen Ansinnen bisher immer am schwarz-roten Berliner Senat gescheitert.<\/p>\n<p>Kurz nachdem die DB-Fahrradverleih-Tochter Callabike den vom Senat subventionierten Auftrag f\u00fcr das \u00f6ffentliche Berliner Mietradsystem an den Konkurrenten Nextbike verloren hat, hat sie Lidl als Sponsor gewonnen und will nun \u201eeigenwirtschaftlich\u201c weitermachen, berichtet unter anderem die <a href=\"http:\/\/www.berliner-zeitung.de\/berlin\/verkehr\/-lidl-bikes--die-quietschgruene-kampfansage-der-bahn-25025918\">Berliner Zeitung<\/a>. Weder Senat noch Nextbike sind am\u00fcsiert. (roe)<\/p>\n","protected":false},"excerpt":{"rendered":"<p>Laut Focus will das BMVI zus\u00e4tzlich 138 Mio. EUR aus dem Zukunftsinvestitionsprogramm des Bundes in die Beschleunigung von 21 gro\u00dfen Bahnprojekte stecken. (Eigener Bericht) \u00d6sterreich will die neue Version der deutschen Pkw-Maut genau auf m\u00f6gliche Ausl\u00e4nderdiskriminierung pr\u00fcfen und droht indirekt mit einer Klage. Das l\u00e4sst Verkehrsminister J\u00f6rg Leichtfried mitteilen. Der hessische CDU-Abgeordnete Helmut Heiderich bem\u00e4ngelt [&hellip;]<\/p>\n","protected":false},"author":1,"featured_media":0,"comment_status":"open","ping_status":"open","sticky":false,"template":"","format":"standard","meta":[],"categories":[10,9,8],"tags":[],"_links":{"self":[{"href":"https:\/\/www.verkehrsbrief.de\/index.php?rest_route=\/wp\/v2\/posts\/1847916"}],"collection":[{"href":"https:\/\/www.verkehrsbrief.de\/index.php?rest_route=\/wp\/v2\/posts"}],"about":[{"href":"https:\/\/www.verkehrsbrief.de\/index.php?rest_route=\/wp\/v2\/types\/post"}],"author":[{"embeddable":true,"href":"https:\/\/www.verkehrsbrief.de\/index.php?rest_route=\/wp\/v2\/users\/1"}],"replies":[{"embeddable":true,"href":"https:\/\/www.verkehrsbrief.de\/index.php?rest_route=%2Fwp%2Fv2%2Fcomments&post=1847916"}],"version-history":[{"count":0,"href":"https:\/\/www.verkehrsbrief.de\/index.php?rest_route=\/wp\/v2\/posts\/1847916\/revisions"}],"wp:attachment":[{"href":"https:\/\/www.verkehrsbrief.de\/index.php?rest_route=%2Fwp%2Fv2%2Fmedia&parent=1847916"}],"wp:term":[{"taxonomy":"category","embeddable":true,"href":"https:\/\/www.verkehrsbrief.de\/index.php?rest_route=%2Fwp%2Fv2%2Fcategories&post=1847916"},{"taxonomy":"post_tag","embeddable":true,"href":"https:\/\/www.verkehrsbrief.de\/index.php?rest_route=%2Fwp%2Fv2%2Ftags&post=1847916"}],"curies":[{"name":"wp","href":"https:\/\/api.w.org\/{rel}","templated":true}]}}