{"id":1847515,"date":"2016-11-04T10:08:00","date_gmt":"2016-11-04T10:08:00","guid":{"rendered":"http:\/\/www.verkehrsbrief.de\/aufgefischt-4-11-2016"},"modified":"2016-11-04T10:08:00","modified_gmt":"2016-11-04T10:08:00","slug":"aufgefischt-4-11-2016","status":"publish","type":"post","link":"https:\/\/www.verkehrsbrief.de\/?p=1847515","title":{"rendered":"Aufgefischt 4.11.2016"},"content":{"rendered":"<p>Wie unter anderem <a href=\"http:\/\/www.spiegel.de\/wirtschaft\/soziales\/pkw-maut-eu-kommission-gibt-widerstand-offenbar-auf-a-1119656.html\">Spiegel Online<\/a> und <a href=\"https:\/\/www.welt.de\/wirtschaft\/article159248849\/Offen-ist-nun-ob-deutsche-Fahrer-doch-draufzahlen.html\">Welt<\/a> berichten, zeichnet sich im Konflikt zwischen Bundesverkehrsminister Alexander Dobrindt und EU eine Einigung im Streit \u00fcber die Pkw-Maut ab. Danach wird Deutschland zum einen die Kurzzeitvignetten verbilligen, zum anderen die Kfz-Steuer-Kompensation so umgestalten, dass das Fahren umweltfreundlicher Autos beg\u00fcnstigt wird. Daf\u00fcr m\u00fcsse das Budget f\u00fcr die Kompensation um 100 Mio. EUR aufgetockt werden. Gegen\u00fcber der <a href=\"http:\/\/www.bild.de\/bild-plus\/politik\/inland\/pkw-maut\/maut-dobrindt-48594022,view=conversionToLogin.bild.html\">Bild-Zeitung<\/a> erneuerte Dobrindt sein Versprechen, dass kein deutscher Autofahrer mehr belastet wird.<\/p>\n<p>Laut Aussage von DB-Chef R\u00fcdiger Grube gegen\u00fcber dpa legt der Konzern wie erwartet (siehe <a href=\"http:\/\/www.verkehrsbrief.de\/users\/login\/bund-greift-db-finanziell-unter-die-arme-1834180.html\">hier<\/a>) die B\u00f6rsenpl\u00e4ne f\u00fcr Schenker und Arriva auf Eis, berichtet unter anderem die <a href=\"http:\/\/www.tagesschau.de\/wirtschaft\/bahn-boersenplaene-101.html\">Tagesschau<\/a>.<\/p>\n<p>Nach einem Bericht des <a href=\"http:\/\/www.handelsblatt.com\/politik\/deutschland\/automatisiertes-fahren-spd-veraergert-ueber-dobrindt-vorstoss\/14790978.html\">Handelsblatts<\/a> ist die SPD ver\u00e4rgert, dass sich das BMVI trotz noch ausstehender Abstimmung mit dem SPD-gef\u00fchrten Justizministerium daf\u00fcr entschieden hat, die Haftung f\u00fcr Unf\u00e4lle mit vollautomatisierten Fahrzeugen grunds\u00e4tzlich beim Hersteller anzusiedeln.<\/p>\n<p>Das NRW-Landesverkehrsministerium widerspricht laut <a href=\"http:\/\/www.rp-online.de\/nrw\/staedte\/leverkusen\/nur-acht-prozent-in-der-dhuennaue-sind-gefaehrlich-aid-1.6372519\">Rheinischer Post<\/a> im Landtags-Verkehrsauschuss Behauptungen, mit dem Bau der Leverkusener Ersatzbr\u00fccke sei schon eine Vorentscheidung f\u00fcr eine neue \u201eStelzen\u201c-Zulaufstrecke statt eines Tunnels gefallen. (roe)<\/p>\n","protected":false},"excerpt":{"rendered":"<p>Wie unter anderem Spiegel Online und Welt berichten, zeichnet sich im Konflikt zwischen Bundesverkehrsminister Alexander Dobrindt und EU eine Einigung im Streit \u00fcber die Pkw-Maut ab. Danach wird Deutschland zum einen die Kurzzeitvignetten verbilligen, zum anderen die Kfz-Steuer-Kompensation so umgestalten, dass das Fahren umweltfreundlicher Autos beg\u00fcnstigt wird. Daf\u00fcr m\u00fcsse das Budget f\u00fcr die Kompensation um [&hellip;]<\/p>\n","protected":false},"author":1,"featured_media":0,"comment_status":"open","ping_status":"open","sticky":false,"template":"","format":"standard","meta":[],"categories":[9,8],"tags":[],"_links":{"self":[{"href":"https:\/\/www.verkehrsbrief.de\/index.php?rest_route=\/wp\/v2\/posts\/1847515"}],"collection":[{"href":"https:\/\/www.verkehrsbrief.de\/index.php?rest_route=\/wp\/v2\/posts"}],"about":[{"href":"https:\/\/www.verkehrsbrief.de\/index.php?rest_route=\/wp\/v2\/types\/post"}],"author":[{"embeddable":true,"href":"https:\/\/www.verkehrsbrief.de\/index.php?rest_route=\/wp\/v2\/users\/1"}],"replies":[{"embeddable":true,"href":"https:\/\/www.verkehrsbrief.de\/index.php?rest_route=%2Fwp%2Fv2%2Fcomments&post=1847515"}],"version-history":[{"count":0,"href":"https:\/\/www.verkehrsbrief.de\/index.php?rest_route=\/wp\/v2\/posts\/1847515\/revisions"}],"wp:attachment":[{"href":"https:\/\/www.verkehrsbrief.de\/index.php?rest_route=%2Fwp%2Fv2%2Fmedia&parent=1847515"}],"wp:term":[{"taxonomy":"category","embeddable":true,"href":"https:\/\/www.verkehrsbrief.de\/index.php?rest_route=%2Fwp%2Fv2%2Fcategories&post=1847515"},{"taxonomy":"post_tag","embeddable":true,"href":"https:\/\/www.verkehrsbrief.de\/index.php?rest_route=%2Fwp%2Fv2%2Ftags&post=1847515"}],"curies":[{"name":"wp","href":"https:\/\/api.w.org\/{rel}","templated":true}]}}