{"id":1765938,"date":"2016-02-15T17:00:00","date_gmt":"2016-02-15T17:00:00","guid":{"rendered":"http:\/\/www.verkehrsbrief.de\/grune-regierung-missachtet-fragerecht-des-bundestags"},"modified":"2016-02-15T17:00:00","modified_gmt":"2016-02-15T17:00:00","slug":"grune-regierung-missachtet-fragerecht-des-bundestags","status":"publish","type":"post","link":"https:\/\/www.verkehrsbrief.de\/?p=1765938","title":{"rendered":"Gr\u00fcne: Regierung missachtet Fragerecht des Bundestags"},"content":{"rendered":"<p>Die Gr\u00fcnen-Fraktion im Bundestag wird sich bei Bundestagspr\u00e4sident Norbert Lammert formal \u00fcber das Antwortverhalten der Bundesregierung im Abgasskandal beschweren. <!--more-->Das k\u00fcndigte ihr verkehrspolitischer Sprecher Stephan K\u00fchn am Montag im Gespr\u00e4ch mit dem Verkehrsbrief an. Anlass sei die faktische Nichtbeantwortung einer Kleinen Anfrage, die bereits eine Nachfrage zu mehreren aus Gr\u00fcnen-Sicht ebenfalls unbefriedigend beantworteten vorherigen Kleinen Anfragen war.<\/p>\n<p><strong>Externer Link:<\/strong> <a href=\"http:\/\/dipbt.bundestag.de\/dip21\/btd\/18\/074\/1807444.pdf\" target=\"_blank\">Kleine Anfrage &#8222;Transparenz- und Aufkl\u00e4rungsdefizite beim VW-Abgasskandal&#8220; &#8211; Nachfrage<\/a><\/p>\n","protected":false},"excerpt":{"rendered":"<p>Die Gr\u00fcnen-Fraktion im Bundestag wird sich bei Bundestagspr\u00e4sident Norbert Lammert formal \u00fcber das Antwortverhalten der Bundesregierung im Abgasskandal beschweren.<\/p>\n","protected":false},"author":1,"featured_media":0,"comment_status":"open","ping_status":"open","sticky":false,"template":"","format":"standard","meta":[],"categories":[8],"tags":[],"_links":{"self":[{"href":"https:\/\/www.verkehrsbrief.de\/index.php?rest_route=\/wp\/v2\/posts\/1765938"}],"collection":[{"href":"https:\/\/www.verkehrsbrief.de\/index.php?rest_route=\/wp\/v2\/posts"}],"about":[{"href":"https:\/\/www.verkehrsbrief.de\/index.php?rest_route=\/wp\/v2\/types\/post"}],"author":[{"embeddable":true,"href":"https:\/\/www.verkehrsbrief.de\/index.php?rest_route=\/wp\/v2\/users\/1"}],"replies":[{"embeddable":true,"href":"https:\/\/www.verkehrsbrief.de\/index.php?rest_route=%2Fwp%2Fv2%2Fcomments&post=1765938"}],"version-history":[{"count":0,"href":"https:\/\/www.verkehrsbrief.de\/index.php?rest_route=\/wp\/v2\/posts\/1765938\/revisions"}],"wp:attachment":[{"href":"https:\/\/www.verkehrsbrief.de\/index.php?rest_route=%2Fwp%2Fv2%2Fmedia&parent=1765938"}],"wp:term":[{"taxonomy":"category","embeddable":true,"href":"https:\/\/www.verkehrsbrief.de\/index.php?rest_route=%2Fwp%2Fv2%2Fcategories&post=1765938"},{"taxonomy":"post_tag","embeddable":true,"href":"https:\/\/www.verkehrsbrief.de\/index.php?rest_route=%2Fwp%2Fv2%2Ftags&post=1765938"}],"curies":[{"name":"wp","href":"https:\/\/api.w.org\/{rel}","templated":true}]}}