{"id":1765932,"date":"2016-02-12T09:59:00","date_gmt":"2016-02-12T09:59:00","guid":{"rendered":"http:\/\/www.verkehrsbrief.de\/aufgefischt-12-2-2016"},"modified":"2016-02-12T09:59:00","modified_gmt":"2016-02-12T09:59:00","slug":"aufgefischt-12-2-2016","status":"publish","type":"post","link":"https:\/\/www.verkehrsbrief.de\/?p=1765932","title":{"rendered":"Aufgefischt 12.2.2016"},"content":{"rendered":"<p>In Kassel wird laut <a href=\"http:\/\/www.hna.de\/kassel\/kreis-kassel\/kreis-kassel-ort306256\/h-trasse-kassel-gespalten-6118316.html\" target=\"_blank\">Hessisch-Nieders\u00e4chsischer Allgemeine<\/a> weiter dar\u00fcber gestritten, wie der Ostabschnitt der A44 an den A44-Westabschnitt und die A7 angebunden wird.<\/p>\n<p>Die Zwischenbilanz f\u00fcr die \u201eL\u00e4rmpausen\u201c am Frankfurter Flughafen, bei denen in den Tagesrandstunden der Verkehr auf weniger Start- und Landebahnen konzentriert wird, wird kontrovers beurteilt, wie die <a href=\"http:\/\/www.fnp.de\/rhein-main\/Al-Wazir-wertet-Probebetrieb-der-Laermpausen-als-Erfolg;art801,1849098\" target=\"_blank\">Frankfurter Neue Presse<\/a> berichtet.<\/p>\n<p>Laut <a href=\"http:\/\/www.ndr.de\/nachrichten\/schleswig-holstein\/Fehmarnbelt-Tunnel-soll-guenstiger-werden,fehmarnbelt318.html\" target=\"_blank\">NDR<\/a> sind in D\u00e4nemark die Kostensch\u00e4tzungen f\u00fcr die feste Fehmarnbeltquerung nach unten korrigiert worden, statt 7,4 Mrd. EUR werden jetzt nur noch 7,0 Mrd. EUR erwartet. Grund sei die verl\u00e4ngerte Bauphase. In den vergangenen Tagen war wiederholt berichtet worden, dass das Projekt bei einer nach oben korrigierten Kostensch\u00e4tzung kippen k\u00f6nnte. (roe)<\/p>\n","protected":false},"excerpt":{"rendered":"<p>In Kassel wird laut Hessisch-Nieders\u00e4chsischer Allgemeine weiter dar\u00fcber gestritten, wie der Ostabschnitt der A44 an den A44-Westabschnitt und die A7 angebunden wird. Die Zwischenbilanz f\u00fcr die \u201eL\u00e4rmpausen\u201c am Frankfurter Flughafen, bei denen in den Tagesrandstunden der Verkehr auf weniger Start- und Landebahnen konzentriert wird, wird kontrovers beurteilt, wie die Frankfurter Neue Presse berichtet. Laut NDR [&hellip;]<\/p>\n","protected":false},"author":1,"featured_media":0,"comment_status":"open","ping_status":"open","sticky":false,"template":"","format":"standard","meta":[],"categories":[1],"tags":[],"_links":{"self":[{"href":"https:\/\/www.verkehrsbrief.de\/index.php?rest_route=\/wp\/v2\/posts\/1765932"}],"collection":[{"href":"https:\/\/www.verkehrsbrief.de\/index.php?rest_route=\/wp\/v2\/posts"}],"about":[{"href":"https:\/\/www.verkehrsbrief.de\/index.php?rest_route=\/wp\/v2\/types\/post"}],"author":[{"embeddable":true,"href":"https:\/\/www.verkehrsbrief.de\/index.php?rest_route=\/wp\/v2\/users\/1"}],"replies":[{"embeddable":true,"href":"https:\/\/www.verkehrsbrief.de\/index.php?rest_route=%2Fwp%2Fv2%2Fcomments&post=1765932"}],"version-history":[{"count":0,"href":"https:\/\/www.verkehrsbrief.de\/index.php?rest_route=\/wp\/v2\/posts\/1765932\/revisions"}],"wp:attachment":[{"href":"https:\/\/www.verkehrsbrief.de\/index.php?rest_route=%2Fwp%2Fv2%2Fmedia&parent=1765932"}],"wp:term":[{"taxonomy":"category","embeddable":true,"href":"https:\/\/www.verkehrsbrief.de\/index.php?rest_route=%2Fwp%2Fv2%2Fcategories&post=1765932"},{"taxonomy":"post_tag","embeddable":true,"href":"https:\/\/www.verkehrsbrief.de\/index.php?rest_route=%2Fwp%2Fv2%2Ftags&post=1765932"}],"curies":[{"name":"wp","href":"https:\/\/api.w.org\/{rel}","templated":true}]}}