{"id":1765740,"date":"2015-12-02T10:02:00","date_gmt":"2015-12-02T10:02:00","guid":{"rendered":"http:\/\/www.verkehrsbrief.de\/presseschau-2-dezember-2015"},"modified":"2015-12-02T10:02:00","modified_gmt":"2015-12-02T10:02:00","slug":"presseschau-2-dezember-2015","status":"publish","type":"post","link":"https:\/\/www.verkehrsbrief.de\/?p=1765740","title":{"rendered":"Presseschau 2. Dezember 2015"},"content":{"rendered":"<p>In Mecklenburg-Vorpommern wird die Landesstra\u00dfe 15 zwischen Crivitz und Goldberg zur B392 \u2013 rund 30km &#8211; hochgestuft, berichtet die <a href=\"http:\/\/www.svz.de\/lokales\/zeitung-fuer-die-landeshauptstadt\/strassentausch-geht-ueber-die-buehne-id11502386.html\" target=\"_blank\">Schweriner Volkszeitung<\/a>. Damit werde eine L\u00fccke im Bundesstra\u00dfennetz zwischen den Oberzentren Schwerin und Neubrandenburg geschlossen. Gleichzeitig werden Abschnitt der B103 und B106, die parallel zu A14 und A19 verlaufen, herabgestuft. Alle umzustufenden Abschnitte werden auf Kosten der heutigen Baulasttr\u00e4ger vorher saniert.<\/p>\n<p>Sachsen-Anhalt will wegen Personalmangels in der Stra\u00dfenbauverwaltung einen Teil des Winterdienstes an Private vergeben, berichtet unter die <a href=\"http:\/\/www.mz-web.de\/mitteldeutschland\/wird-winterdienst-erheblich-teurer-sachsen-anhalt-will-21-routen-fuer-private-firmen-ausschreiben,20641266,32680904.html\" target=\"_blank\">Mitteldeutsche Zeitung<\/a>.<\/p>\n<p>Bei der Kabinettssitzung in Bayern hat Bundesverkehrsminister Alexander Dobrindt es vermieden, konkrete Betr\u00e4ge f\u00fcr die Beteiligung des Bundes an Mehrkosten der 2. S-Bahn-Stammstrecke in M\u00fcnchen zu nennen. Das berichtet der <a href=\"http:\/\/www.merkur.de\/lokales\/muenchen\/stadt-muenchen\/stammstrecke-muenchen-alexander-dobrindt-horst-seehofer-nach-einem-treffen-optimistisch-5920374.html\" target=\"_blank\">Merkur<\/a>. (roe)<\/p>\n","protected":false},"excerpt":{"rendered":"<p>In Mecklenburg-Vorpommern wird die Landesstra\u00dfe 15 zwischen Crivitz und Goldberg zur B392 \u2013 rund 30km &#8211; hochgestuft, berichtet die Schweriner Volkszeitung. Damit werde eine L\u00fccke im Bundesstra\u00dfennetz zwischen den Oberzentren Schwerin und Neubrandenburg geschlossen. Gleichzeitig werden Abschnitt der B103 und B106, die parallel zu A14 und A19 verlaufen, herabgestuft. Alle umzustufenden Abschnitte werden auf Kosten [&hellip;]<\/p>\n","protected":false},"author":1,"featured_media":0,"comment_status":"open","ping_status":"open","sticky":false,"template":"","format":"standard","meta":[],"categories":[1],"tags":[],"_links":{"self":[{"href":"https:\/\/www.verkehrsbrief.de\/index.php?rest_route=\/wp\/v2\/posts\/1765740"}],"collection":[{"href":"https:\/\/www.verkehrsbrief.de\/index.php?rest_route=\/wp\/v2\/posts"}],"about":[{"href":"https:\/\/www.verkehrsbrief.de\/index.php?rest_route=\/wp\/v2\/types\/post"}],"author":[{"embeddable":true,"href":"https:\/\/www.verkehrsbrief.de\/index.php?rest_route=\/wp\/v2\/users\/1"}],"replies":[{"embeddable":true,"href":"https:\/\/www.verkehrsbrief.de\/index.php?rest_route=%2Fwp%2Fv2%2Fcomments&post=1765740"}],"version-history":[{"count":0,"href":"https:\/\/www.verkehrsbrief.de\/index.php?rest_route=\/wp\/v2\/posts\/1765740\/revisions"}],"wp:attachment":[{"href":"https:\/\/www.verkehrsbrief.de\/index.php?rest_route=%2Fwp%2Fv2%2Fmedia&parent=1765740"}],"wp:term":[{"taxonomy":"category","embeddable":true,"href":"https:\/\/www.verkehrsbrief.de\/index.php?rest_route=%2Fwp%2Fv2%2Fcategories&post=1765740"},{"taxonomy":"post_tag","embeddable":true,"href":"https:\/\/www.verkehrsbrief.de\/index.php?rest_route=%2Fwp%2Fv2%2Ftags&post=1765740"}],"curies":[{"name":"wp","href":"https:\/\/api.w.org\/{rel}","templated":true}]}}