{"id":1765577,"date":"2015-10-20T10:07:00","date_gmt":"2015-10-20T10:07:00","guid":{"rendered":"http:\/\/www.verkehrsbrief.de\/presseschau-20-oktober"},"modified":"2015-10-20T10:07:00","modified_gmt":"2015-10-20T10:07:00","slug":"presseschau-20-oktober","status":"publish","type":"post","link":"https:\/\/www.verkehrsbrief.de\/?p=1765577","title":{"rendered":"Presseschau 20. Oktober"},"content":{"rendered":"<p>Der <a href=\"http:\/\/www.weser-kurier.de\/bremen\/bremen-politik-wirtschaft_artikel,-Mehr-erwartet-_arid,1233766.html\" target=\"_blank\">Weser-Kurier<\/a> stellt sehr gespaltene Reaktionen auf die Eckpunkte der Maritimen Strategie 2025 fest, die der Maritime Koordinator Uwe Beckmeyer am Montagabend vorgestellt hatte.<\/p>\n<p>Die Projekte des BVWP 2015 werden erst Anfang Dezember zur B\u00fcrgerbeteiligung im Internet ausgelegt. Das hat Verkehrsstaatssekret\u00e4rin Dorothee B\u00e4r laut <a href=\"http:\/\/www.main-echo.de\/regional\/kreis-main-spessart\/art4016,3845448\" target=\"_blank\">Main-Echo<\/a> beim Besuch einer Kommunaldelegation aus Franken angek\u00fcndigt. (roe)<\/p>\n","protected":false},"excerpt":{"rendered":"<p>Der Weser-Kurier stellt sehr gespaltene Reaktionen auf die Eckpunkte der Maritimen Strategie 2025 fest, die der Maritime Koordinator Uwe Beckmeyer am Montagabend vorgestellt hatte. Die Projekte des BVWP 2015 werden erst Anfang Dezember zur B\u00fcrgerbeteiligung im Internet ausgelegt. Das hat Verkehrsstaatssekret\u00e4rin Dorothee B\u00e4r laut Main-Echo beim Besuch einer Kommunaldelegation aus Franken angek\u00fcndigt. (roe)<\/p>\n","protected":false},"author":1,"featured_media":0,"comment_status":"open","ping_status":"open","sticky":false,"template":"","format":"standard","meta":[],"categories":[1],"tags":[],"_links":{"self":[{"href":"https:\/\/www.verkehrsbrief.de\/index.php?rest_route=\/wp\/v2\/posts\/1765577"}],"collection":[{"href":"https:\/\/www.verkehrsbrief.de\/index.php?rest_route=\/wp\/v2\/posts"}],"about":[{"href":"https:\/\/www.verkehrsbrief.de\/index.php?rest_route=\/wp\/v2\/types\/post"}],"author":[{"embeddable":true,"href":"https:\/\/www.verkehrsbrief.de\/index.php?rest_route=\/wp\/v2\/users\/1"}],"replies":[{"embeddable":true,"href":"https:\/\/www.verkehrsbrief.de\/index.php?rest_route=%2Fwp%2Fv2%2Fcomments&post=1765577"}],"version-history":[{"count":0,"href":"https:\/\/www.verkehrsbrief.de\/index.php?rest_route=\/wp\/v2\/posts\/1765577\/revisions"}],"wp:attachment":[{"href":"https:\/\/www.verkehrsbrief.de\/index.php?rest_route=%2Fwp%2Fv2%2Fmedia&parent=1765577"}],"wp:term":[{"taxonomy":"category","embeddable":true,"href":"https:\/\/www.verkehrsbrief.de\/index.php?rest_route=%2Fwp%2Fv2%2Fcategories&post=1765577"},{"taxonomy":"post_tag","embeddable":true,"href":"https:\/\/www.verkehrsbrief.de\/index.php?rest_route=%2Fwp%2Fv2%2Ftags&post=1765577"}],"curies":[{"name":"wp","href":"https:\/\/api.w.org\/{rel}","templated":true}]}}