{"id":1740681,"date":"2015-09-29T10:22:00","date_gmt":"2015-09-29T10:22:00","guid":{"rendered":"http:\/\/www.verkehrsbrief.de\/presseschau-29-september"},"modified":"2015-09-29T10:22:00","modified_gmt":"2015-09-29T10:22:00","slug":"presseschau-29-september","status":"publish","type":"post","link":"https:\/\/www.verkehrsbrief.de\/?p=1740681","title":{"rendered":"Presseschau 29. September"},"content":{"rendered":"<p>Am Dienstag haben Bundesverkehrsminister Alexander Dobrindt und sein bayerischer Amtskollege Joachim Herrmann die per \u00d6PP ausgebaute Autobahn zwischen Ulm und Augsburg offiziell eingeweiht, doch laut <a href=\"http:\/\/www.augsburger-allgemeine.de\/augsburg-land\/Die-A8-ist-eroeffnet-und-doch-nicht-fertig-id35629622.html\" target=\"_blank\">Augsburger Allgemeine<\/a> wird Gesamtstrecke erst Anfang November durchgehend sechsspurig.<\/p>\n<p>Auf Druck des Landesverkehrsministerium muss die Region Trier ihren Busverkehr auf dem Land neu ordnen, berichtet der <a href=\"http:\/\/www.volksfreund.de\/nachrichten\/region\/trier\/Heute-in-der-Trierer-Zeitung-Bei-Anruf-Bus-Neues-Konzept-soll-Nahverkehr-in-der-Region-retten;art754,4328021\" target=\"_blank\">Trierische Volksfreund<\/a>. Mit Ausnahme von Hauptlinien zwischen gr\u00f6\u00dferen Orten und Bahnh\u00f6fen sollen Rufbusse die Erschlie\u00dfung der Fl\u00e4che \u00fcbernehmen. (roe)<\/p>\n","protected":false},"excerpt":{"rendered":"<p>Am Dienstag haben Bundesverkehrsminister Alexander Dobrindt und sein bayerischer Amtskollege Joachim Herrmann die per \u00d6PP ausgebaute Autobahn zwischen Ulm und Augsburg offiziell eingeweiht, doch laut Augsburger Allgemeine wird Gesamtstrecke erst Anfang November durchgehend sechsspurig. Auf Druck des Landesverkehrsministerium muss die Region Trier ihren Busverkehr auf dem Land neu ordnen, berichtet der Trierische Volksfreund. Mit Ausnahme [&hellip;]<\/p>\n","protected":false},"author":1,"featured_media":0,"comment_status":"open","ping_status":"open","sticky":false,"template":"","format":"standard","meta":[],"categories":[1],"tags":[],"_links":{"self":[{"href":"https:\/\/www.verkehrsbrief.de\/index.php?rest_route=\/wp\/v2\/posts\/1740681"}],"collection":[{"href":"https:\/\/www.verkehrsbrief.de\/index.php?rest_route=\/wp\/v2\/posts"}],"about":[{"href":"https:\/\/www.verkehrsbrief.de\/index.php?rest_route=\/wp\/v2\/types\/post"}],"author":[{"embeddable":true,"href":"https:\/\/www.verkehrsbrief.de\/index.php?rest_route=\/wp\/v2\/users\/1"}],"replies":[{"embeddable":true,"href":"https:\/\/www.verkehrsbrief.de\/index.php?rest_route=%2Fwp%2Fv2%2Fcomments&post=1740681"}],"version-history":[{"count":0,"href":"https:\/\/www.verkehrsbrief.de\/index.php?rest_route=\/wp\/v2\/posts\/1740681\/revisions"}],"wp:attachment":[{"href":"https:\/\/www.verkehrsbrief.de\/index.php?rest_route=%2Fwp%2Fv2%2Fmedia&parent=1740681"}],"wp:term":[{"taxonomy":"category","embeddable":true,"href":"https:\/\/www.verkehrsbrief.de\/index.php?rest_route=%2Fwp%2Fv2%2Fcategories&post=1740681"},{"taxonomy":"post_tag","embeddable":true,"href":"https:\/\/www.verkehrsbrief.de\/index.php?rest_route=%2Fwp%2Fv2%2Ftags&post=1740681"}],"curies":[{"name":"wp","href":"https:\/\/api.w.org\/{rel}","templated":true}]}}