{"id":1740678,"date":"2015-09-28T12:45:00","date_gmt":"2015-09-28T12:45:00","guid":{"rendered":"http:\/\/www.verkehrsbrief.de\/bundesrat-will-fuhrerscheine-erst-nach-prufung-anfertigen"},"modified":"2015-09-28T12:45:00","modified_gmt":"2015-09-28T12:45:00","slug":"bundesrat-will-fuhrerscheine-erst-nach-prufung-anfertigen","status":"publish","type":"post","link":"https:\/\/www.verkehrsbrief.de\/?p=1740678","title":{"rendered":"Bundesrat will F\u00fchrerscheine erst nach Pr\u00fcfung anfertigen"},"content":{"rendered":"<p>Die L\u00e4nder wollen bei der F\u00fchrerscheinerteilung st\u00e4rker elektronische Kommunikation nutzen und vermeiden, dass vor Fahrpr\u00fcfungen unn\u00f6tig Kartenf\u00fchrerscheine angefertigt werden. <!--more-->Das sieht eine Ma\u00dfgabe f\u00fcr die Novelle der Fahrerlaubnisverordnung (FeV), die der Bundesrat am Freitag verabschiedet hat. Danach soll Pr\u00fcflingen nach bestandener Pr\u00fcfung auf Wunsch zun\u00e4chst nur eine befristete Bescheinigung ausgegeben werden, die nur im Inland gilt. Der eigentliche (Karten-) F\u00fchrerschein soll erst danach angefertigt und dem Pr\u00fcfling zugeschickt bzw. \u00fcbergeben werden. Berlin, Brandenburg, Sachsen, Sachsen-Anhalt und Th\u00fcringen haben dieses Verfahren bereits seit Jahren erfolgreich erprobt.<\/p>\n<p>Redaktionelle \u00c4nderungen gibt es bei den Neuregelung zur Erste-Hilfe-Ausbildung f\u00fcr F\u00fchrerscheinanw\u00e4rter.<\/p>\n<p>Der Bund muss die Ma\u00dfgaben annehmen. Wenn er dies nicht m\u00f6chte, m\u00fcsste er ein neues Verfahren zur Novellierung der FeV ansto\u00dfen. (roe)<\/p>\n","protected":false},"excerpt":{"rendered":"<p>Die L\u00e4nder wollen bei der F\u00fchrerscheinerteilung st\u00e4rker elektronische Kommunikation nutzen und vermeiden, dass vor Fahrpr\u00fcfungen unn\u00f6tig Kartenf\u00fchrerscheine angefertigt werden.<\/p>\n","protected":false},"author":1,"featured_media":0,"comment_status":"open","ping_status":"open","sticky":false,"template":"","format":"standard","meta":[],"categories":[8],"tags":[],"_links":{"self":[{"href":"https:\/\/www.verkehrsbrief.de\/index.php?rest_route=\/wp\/v2\/posts\/1740678"}],"collection":[{"href":"https:\/\/www.verkehrsbrief.de\/index.php?rest_route=\/wp\/v2\/posts"}],"about":[{"href":"https:\/\/www.verkehrsbrief.de\/index.php?rest_route=\/wp\/v2\/types\/post"}],"author":[{"embeddable":true,"href":"https:\/\/www.verkehrsbrief.de\/index.php?rest_route=\/wp\/v2\/users\/1"}],"replies":[{"embeddable":true,"href":"https:\/\/www.verkehrsbrief.de\/index.php?rest_route=%2Fwp%2Fv2%2Fcomments&post=1740678"}],"version-history":[{"count":0,"href":"https:\/\/www.verkehrsbrief.de\/index.php?rest_route=\/wp\/v2\/posts\/1740678\/revisions"}],"wp:attachment":[{"href":"https:\/\/www.verkehrsbrief.de\/index.php?rest_route=%2Fwp%2Fv2%2Fmedia&parent=1740678"}],"wp:term":[{"taxonomy":"category","embeddable":true,"href":"https:\/\/www.verkehrsbrief.de\/index.php?rest_route=%2Fwp%2Fv2%2Fcategories&post=1740678"},{"taxonomy":"post_tag","embeddable":true,"href":"https:\/\/www.verkehrsbrief.de\/index.php?rest_route=%2Fwp%2Fv2%2Ftags&post=1740678"}],"curies":[{"name":"wp","href":"https:\/\/api.w.org\/{rel}","templated":true}]}}