{"id":1740677,"date":"2015-09-28T12:11:00","date_gmt":"2015-09-28T12:11:00","guid":{"rendered":"http:\/\/www.verkehrsbrief.de\/lander-stimmen-novelle-des-seearbeitsrechts-zu"},"modified":"2015-09-28T12:11:00","modified_gmt":"2015-09-28T12:11:00","slug":"lander-stimmen-novelle-des-seearbeitsrechts-zu","status":"publish","type":"post","link":"https:\/\/www.verkehrsbrief.de\/?p=1740677","title":{"rendered":"L\u00e4nder stimmen Novelle des Seearbeitsrechts zu"},"content":{"rendered":"<p>Die L\u00e4nder erheben keine Einw\u00e4nde gegen die vom Bund geplante Neuregelung gegen das mittellose \u201eStranden\u201c von Seeleuten in fremden H\u00e4fen. <!--more-->Der Bundesrat billigte am Freitag im ersten Durchgang die entsprechende Novelle des Seearbeitsgesetzes ohne \u00c4nderungen. Erweitert werden soll mit der Novelle (<a href=\"http:\/\/www.verkehrsbrief.de\/?p=1592\" target=\"_blank\">Link<\/a>) auch die Versicherungspflicht f\u00fcr Seeleute. Nun muss sich der Bundestag mit dem Gesetz befassen. (roe)<\/p>\n","protected":false},"excerpt":{"rendered":"<p>Die L\u00e4nder erheben keine Einw\u00e4nde gegen die vom Bund geplante Neuregelung gegen das mittellose \u201eStranden\u201c von Seeleuten in fremden H\u00e4fen.<\/p>\n","protected":false},"author":1,"featured_media":0,"comment_status":"open","ping_status":"open","sticky":false,"template":"","format":"standard","meta":[],"categories":[11],"tags":[],"_links":{"self":[{"href":"https:\/\/www.verkehrsbrief.de\/index.php?rest_route=\/wp\/v2\/posts\/1740677"}],"collection":[{"href":"https:\/\/www.verkehrsbrief.de\/index.php?rest_route=\/wp\/v2\/posts"}],"about":[{"href":"https:\/\/www.verkehrsbrief.de\/index.php?rest_route=\/wp\/v2\/types\/post"}],"author":[{"embeddable":true,"href":"https:\/\/www.verkehrsbrief.de\/index.php?rest_route=\/wp\/v2\/users\/1"}],"replies":[{"embeddable":true,"href":"https:\/\/www.verkehrsbrief.de\/index.php?rest_route=%2Fwp%2Fv2%2Fcomments&post=1740677"}],"version-history":[{"count":0,"href":"https:\/\/www.verkehrsbrief.de\/index.php?rest_route=\/wp\/v2\/posts\/1740677\/revisions"}],"wp:attachment":[{"href":"https:\/\/www.verkehrsbrief.de\/index.php?rest_route=%2Fwp%2Fv2%2Fmedia&parent=1740677"}],"wp:term":[{"taxonomy":"category","embeddable":true,"href":"https:\/\/www.verkehrsbrief.de\/index.php?rest_route=%2Fwp%2Fv2%2Fcategories&post=1740677"},{"taxonomy":"post_tag","embeddable":true,"href":"https:\/\/www.verkehrsbrief.de\/index.php?rest_route=%2Fwp%2Fv2%2Ftags&post=1740677"}],"curies":[{"name":"wp","href":"https:\/\/api.w.org\/{rel}","templated":true}]}}