{"id":1740647,"date":"2015-09-18T19:08:00","date_gmt":"2015-09-18T19:08:00","guid":{"rendered":"http:\/\/www.verkehrsbrief.de\/gunter-haberland-neu-im-dslv-prasidium"},"modified":"2015-09-18T19:08:00","modified_gmt":"2015-09-18T19:08:00","slug":"gunter-haberland-neu-im-dslv-prasidium","status":"publish","type":"post","link":"https:\/\/www.verkehrsbrief.de\/?p=1740647","title":{"rendered":"G\u00fcnter Haberland neu im DSLV-Pr\u00e4sidium"},"content":{"rendered":"<p><a href=\"\/fm\/5571\/Haberland-Guenter-FotoDSLV-kl.jpg\"><\/p>\n<figure><img decoding=\"async\" loading=\"lazy\" class=\"wp-image-1973 size-medium\" alt=\"Haberland-Guenter-FotoDSLV-kl\" width=\"237\" height=\"300\" src=\"http:\/\/verkehrsbrief.knowe.de\/fm\/5571\/Haberland-Guenter-FotoDSLV-kl-237x300.jpg\"><figcaption>G\u00fcnter Haberland (Foto: DSLV)<\/figcaption><\/figure>\n<p><\/a><\/p>\n<p><strong>G\u00fcnter Haberland<\/strong>, Gesch\u00e4ftsf\u00fchrer der Spedition M. Zietzschmann GmbH &#038; Co. KG in Neuss, ist am Freitag neu ins Pr\u00e4sidium des Speditionsverbandes DSLV gew\u00e4hlt worden. Mit der Wahl von Haberland r\u00fccke seit l\u00e4ngerem wieder ein Binnenschifffahrtsfachmann in das h\u00f6chste Verbandsgremium, erkl\u00e4rte der DSLV. Er gelte zudem als ausgemachter Kenner \u00f6ffentlicher Verwaltungsstrukturen. Haberland folgt auf Dr. Michael Kubenz (Kube &#038; Kubenz Internationale Speditions- und Logistikgesellschaft mbH &#038; Co. KG), der nicht mehr kandidierte. (roe)<\/p>\n","protected":false},"excerpt":{"rendered":"<p>G\u00fcnter Haberland (Foto: DSLV) G\u00fcnter Haberland, Gesch\u00e4ftsf\u00fchrer der Spedition M. Zietzschmann GmbH &#038; Co. KG in Neuss, ist am Freitag neu ins Pr\u00e4sidium des Speditionsverbandes DSLV gew\u00e4hlt worden. Mit der Wahl von Haberland r\u00fccke seit l\u00e4ngerem wieder ein Binnenschifffahrtsfachmann in das h\u00f6chste Verbandsgremium, erkl\u00e4rte der DSLV. Er gelte zudem als ausgemachter Kenner \u00f6ffentlicher Verwaltungsstrukturen. Haberland [&hellip;]<\/p>\n","protected":false},"author":1,"featured_media":0,"comment_status":"open","ping_status":"open","sticky":false,"template":"","format":"standard","meta":[],"categories":[5],"tags":[],"_links":{"self":[{"href":"https:\/\/www.verkehrsbrief.de\/index.php?rest_route=\/wp\/v2\/posts\/1740647"}],"collection":[{"href":"https:\/\/www.verkehrsbrief.de\/index.php?rest_route=\/wp\/v2\/posts"}],"about":[{"href":"https:\/\/www.verkehrsbrief.de\/index.php?rest_route=\/wp\/v2\/types\/post"}],"author":[{"embeddable":true,"href":"https:\/\/www.verkehrsbrief.de\/index.php?rest_route=\/wp\/v2\/users\/1"}],"replies":[{"embeddable":true,"href":"https:\/\/www.verkehrsbrief.de\/index.php?rest_route=%2Fwp%2Fv2%2Fcomments&post=1740647"}],"version-history":[{"count":0,"href":"https:\/\/www.verkehrsbrief.de\/index.php?rest_route=\/wp\/v2\/posts\/1740647\/revisions"}],"wp:attachment":[{"href":"https:\/\/www.verkehrsbrief.de\/index.php?rest_route=%2Fwp%2Fv2%2Fmedia&parent=1740647"}],"wp:term":[{"taxonomy":"category","embeddable":true,"href":"https:\/\/www.verkehrsbrief.de\/index.php?rest_route=%2Fwp%2Fv2%2Fcategories&post=1740647"},{"taxonomy":"post_tag","embeddable":true,"href":"https:\/\/www.verkehrsbrief.de\/index.php?rest_route=%2Fwp%2Fv2%2Ftags&post=1740647"}],"curies":[{"name":"wp","href":"https:\/\/api.w.org\/{rel}","templated":true}]}}