{"id":1740582,"date":"2015-08-29T18:57:00","date_gmt":"2015-08-29T18:57:00","guid":{"rendered":"http:\/\/www.verkehrsbrief.de\/alle-drei-minuten-halt-jetzt-am-bmvi-eine-strasenbahn"},"modified":"2015-08-29T18:57:00","modified_gmt":"2015-08-29T18:57:00","slug":"alle-drei-minuten-halt-jetzt-am-bmvi-eine-strasenbahn","status":"publish","type":"post","link":"https:\/\/www.verkehrsbrief.de\/?p=1740582","title":{"rendered":"Alle drei Minuten h\u00e4lt jetzt am BMVI eine Stra\u00dfenbahn"},"content":{"rendered":"<p><a href=\"\/fm\/5571\/150829-Tram-Hbf-BMVI_FotoRoe.jpg\"><\/p>\n<figure><img decoding=\"async\" loading=\"lazy\" class=\"size-medium wp-image-1760\" alt=\"Blick vom Hauptbahnhof Richtung BMVI (Foto: roe)\" width=\"300\" height=\"199\" src=\"http:\/\/verkehrsbrief.knowe.de\/fm\/5571\/150829-Tram-Hbf-BMVI_FotoRoe-300x199.jpg\"><figcaption>Blick vom Hauptbahnhof Richtung BMVI (Foto: roe)<\/figcaption><\/figure>\n<p><\/a><\/p>\n<p>Der BMVI-Hauptsitz in der Invalidenstra\u00dfe ist seit Samstag auch mit den Stra\u00dfenbahnlinien M8 und M10 zu erreichen (Haltestelle Invalidenpark). Damit f\u00e4hrt in den Hauptverkehrszeiten durchschnittlich alle drei Minuten eine Stra\u00dfenbahn zum Hauptbahnhof oder zum S-Bahnhof Nordbahnhof (S1, S2 und S25). Daf\u00fcr endet die Buslinie 245 jetzt gegen\u00fcber vom BMVI am Robert-Koch-Platz und f\u00e4hrt nicht mehr zum Nordbahnhof weiter. Wie schon bisher f\u00e4hrt am BMVI au\u00dferdem die M5 vom Hauptbahnhof \u00fcber die Chausseestra\u00dfe in Richtung Hackescher Markt.<\/p>\n<p>Der Neubau der Stra\u00dfenbahn zwischen Nordbahnhof und Hauptbahnhof hatte 2010 begonnen und umfasste letztlich den kompletten Neubau der Invalidenstra\u00dfe in diesem Abschnitt. (roe)<\/p>\n","protected":false},"excerpt":{"rendered":"<p>Blick vom Hauptbahnhof Richtung BMVI (Foto: roe) Der BMVI-Hauptsitz in der Invalidenstra\u00dfe ist seit Samstag auch mit den Stra\u00dfenbahnlinien M8 und M10 zu erreichen (Haltestelle Invalidenpark). Damit f\u00e4hrt in den Hauptverkehrszeiten durchschnittlich alle drei Minuten eine Stra\u00dfenbahn zum Hauptbahnhof oder zum S-Bahnhof Nordbahnhof (S1, S2 und S25). Daf\u00fcr endet die Buslinie 245 jetzt gegen\u00fcber vom [&hellip;]<\/p>\n","protected":false},"author":1,"featured_media":0,"comment_status":"open","ping_status":"open","sticky":false,"template":"","format":"standard","meta":[],"categories":[9],"tags":[],"_links":{"self":[{"href":"https:\/\/www.verkehrsbrief.de\/index.php?rest_route=\/wp\/v2\/posts\/1740582"}],"collection":[{"href":"https:\/\/www.verkehrsbrief.de\/index.php?rest_route=\/wp\/v2\/posts"}],"about":[{"href":"https:\/\/www.verkehrsbrief.de\/index.php?rest_route=\/wp\/v2\/types\/post"}],"author":[{"embeddable":true,"href":"https:\/\/www.verkehrsbrief.de\/index.php?rest_route=\/wp\/v2\/users\/1"}],"replies":[{"embeddable":true,"href":"https:\/\/www.verkehrsbrief.de\/index.php?rest_route=%2Fwp%2Fv2%2Fcomments&post=1740582"}],"version-history":[{"count":0,"href":"https:\/\/www.verkehrsbrief.de\/index.php?rest_route=\/wp\/v2\/posts\/1740582\/revisions"}],"wp:attachment":[{"href":"https:\/\/www.verkehrsbrief.de\/index.php?rest_route=%2Fwp%2Fv2%2Fmedia&parent=1740582"}],"wp:term":[{"taxonomy":"category","embeddable":true,"href":"https:\/\/www.verkehrsbrief.de\/index.php?rest_route=%2Fwp%2Fv2%2Fcategories&post=1740582"},{"taxonomy":"post_tag","embeddable":true,"href":"https:\/\/www.verkehrsbrief.de\/index.php?rest_route=%2Fwp%2Fv2%2Ftags&post=1740582"}],"curies":[{"name":"wp","href":"https:\/\/api.w.org\/{rel}","templated":true}]}}