{"id":1740576,"date":"2015-08-27T17:35:00","date_gmt":"2015-08-27T17:35:00","guid":{"rendered":"http:\/\/www.verkehrsbrief.de\/al-wazir-finanzielle-altlasten-bremsen-strasensanierung"},"modified":"2015-08-27T17:35:00","modified_gmt":"2015-08-27T17:35:00","slug":"al-wazir-finanzielle-altlasten-bremsen-strasensanierung","status":"publish","type":"post","link":"https:\/\/www.verkehrsbrief.de\/?p=1740576","title":{"rendered":"Al-Wazir: Finanzielle Altlasten bremsen Stra\u00dfensanierung"},"content":{"rendered":"<p>Hessens Verkehrsminister Tarek Al-Wazir hat am Donnerstag im Landtag seine <a href=\"http:\/\/www.verkehrsbrief.de\/?p=1112\">im Juni angek\u00fcndigte<\/a> \u201eSanierungsoffensive\u201c f\u00fcr die Landesstra\u00dfen gegen Vorw\u00fcrfe der FDP verteidigt, sie sei zu gering dotiert. <!--more-->Gut 1700km oder 22 Prozent der hessischen Landesstra\u00dfen wurden bei der letzten Erfassung mit \u201esehr schlecht\u201c benotet.<\/p>\n<p>Al-Wazir wies darauf hin, dass der Etat f\u00fcr die Landesstra\u00dfen mit 130 Mio. EUR\/Jahr h\u00f6her dotiert sei als im letzten Jahr der schwarz-gelben Regierung mit 128 Mio. EUR. Zudem steige der Anteil f\u00fcr Sanierungen von 72 Prozent im laufenden Jahr bis 2022 auf 84 Prozent steige. <a href=\"http:\/\/www.verkehrsbrief.de\/?p=1542\">Die FDP hatte bem\u00e4ngelt<\/a>, die vorgesehenen 385 Mio. EUR reichten gerade einmal f\u00fcr 640km.<\/p>\n<p>Al-Wazir kritisierte die von den Vorg\u00e4ngerregierungen eingegangenen \u201eKommunalen Interessensmodelle\u201c (KIM I und KIM II). Dort hatten Kommunen Landesstra\u00dfenprojekte vorfinanziert, f\u00fcr die das Land jetzt das Geld erstatten muss. \u201eMan ist in der Vergangenheit Verpflichtungen eingegangen, die heute abfinanziert werden m\u00fcssen\u201c, sagte er. \u201eGleichzeitig hat man zugelassen, dass ein enormer Sanierungsstau aufgelaufen ist.\u201c (roe)<\/p>\n","protected":false},"excerpt":{"rendered":"<p>Hessens Verkehrsminister Tarek Al-Wazir hat am Donnerstag im Landtag seine im Juni angek\u00fcndigte \u201eSanierungsoffensive\u201c f\u00fcr die Landesstra\u00dfen gegen Vorw\u00fcrfe der FDP verteidigt, sie sei zu gering dotiert.<\/p>\n","protected":false},"author":1,"featured_media":0,"comment_status":"open","ping_status":"open","sticky":false,"template":"","format":"standard","meta":[],"categories":[8],"tags":[],"_links":{"self":[{"href":"https:\/\/www.verkehrsbrief.de\/index.php?rest_route=\/wp\/v2\/posts\/1740576"}],"collection":[{"href":"https:\/\/www.verkehrsbrief.de\/index.php?rest_route=\/wp\/v2\/posts"}],"about":[{"href":"https:\/\/www.verkehrsbrief.de\/index.php?rest_route=\/wp\/v2\/types\/post"}],"author":[{"embeddable":true,"href":"https:\/\/www.verkehrsbrief.de\/index.php?rest_route=\/wp\/v2\/users\/1"}],"replies":[{"embeddable":true,"href":"https:\/\/www.verkehrsbrief.de\/index.php?rest_route=%2Fwp%2Fv2%2Fcomments&post=1740576"}],"version-history":[{"count":0,"href":"https:\/\/www.verkehrsbrief.de\/index.php?rest_route=\/wp\/v2\/posts\/1740576\/revisions"}],"wp:attachment":[{"href":"https:\/\/www.verkehrsbrief.de\/index.php?rest_route=%2Fwp%2Fv2%2Fmedia&parent=1740576"}],"wp:term":[{"taxonomy":"category","embeddable":true,"href":"https:\/\/www.verkehrsbrief.de\/index.php?rest_route=%2Fwp%2Fv2%2Fcategories&post=1740576"},{"taxonomy":"post_tag","embeddable":true,"href":"https:\/\/www.verkehrsbrief.de\/index.php?rest_route=%2Fwp%2Fv2%2Ftags&post=1740576"}],"curies":[{"name":"wp","href":"https:\/\/api.w.org\/{rel}","templated":true}]}}