{"id":1740532,"date":"2015-08-13T17:02:00","date_gmt":"2015-08-13T17:02:00","guid":{"rendered":"http:\/\/www.verkehrsbrief.de\/maritimer-bericht-stost-auf-gemischtes-echo"},"modified":"2015-08-13T17:02:00","modified_gmt":"2015-08-13T17:02:00","slug":"maritimer-bericht-stost-auf-gemischtes-echo","status":"publish","type":"post","link":"https:\/\/www.verkehrsbrief.de\/?p=1740532","title":{"rendered":"Maritimer Bericht st\u00f6\u00dft auf gemischtes Echo"},"content":{"rendered":"<\/p>\n<ul><\/p>\n<li><strong>VDR w\u00fcnscht F\u00f6rderprogramm f\u00fcr LNG<\/strong><\/li>\n<p><\/p>\n<li><strong>ZDS fordert Zusagen aus Koalitionsvertrag ein<\/strong><\/li>\n<p><\/ul>\n<p>Der am Mittwoch vom Bundeswirtschaftsministerium vorgelegte Bericht zur Maritimen Wirtschaft ist bei den Branchenverb\u00e4nden auf ein gemischtes Echo gesto\u00dfen. Ralf Nagel vom Reederverband VDR begr\u00fc\u00dfte zwar, dass die Bundesregierung in ihrer Analyse der Lage der maritimen Wirtschaft im Wesentlichen mit dem VDR \u00fcbereinstimme und Handlungsbedarf erkenne. <!--more-->Er forderte aber konkrete politische Entscheidungen: \u201eBei der Unterst\u00fctzung einheimischer Seeleute, um das maritime Know-how f\u00fcr den gesamten Standort zu sichern, brauchen wir in Deutschland endlich Anschluss an die europ\u00e4ische Normalit\u00e4t\u201c, sagte in deutlicher Anspielung auf den Lohnsteuereinbehalt.<\/p>\n<h5>VDR w\u00fcnscht F\u00f6rderprogramm f\u00fcr LNG<\/h5>\n<p>Um mehr LNG-angetriebene Schiffe in Fahrt zu bringen, \u201em\u00fcssen die Mehrkosten f\u00fcr den Markteintritt durch ein breites F\u00f6rderprogramm des Bundes aufgefangen und einheitliche Vorschriften in den H\u00e4fen geschaffen werden\u201c, forderte Nagel. Zudem m\u00fcsse sich die Bundesregierung bei der EU st\u00e4rker gegen regionale Sonderregeln einsetzen \u201eund stattdessen konsequent weltweit einheitliche Standards bei der Internationalen Seeschifffahrts-Organisation vorantreiben\u201c.<\/p>\n<h5>ZDS fordert Zusagen aus Koalitionsvertrag ein<\/h5>\n<p>Der Seehafenverband ZDS sieht Nachbesserungsbedarf, falls der Bericht einen Ausblick auf die Maritime Strategie der Bundesregierung sein soll. So fehle im Kapitel Forschung und Entwicklung ein Hinweis auf die Seehafentechnologien. Ebenfalls fehle ein Hinweis auf die im Koalitionsvertrag in Aussicht gestellten Finanzierung von Hafeninfrastruktur f\u00fcr die Offshore-Windenergie. Die Bedeutung des Ausbaus von seew\u00e4rtigen Zufahrten und Hinterlandanbindungen werde richtigerweise betont. \u201eDoch aus Sicht des ZDS m\u00fcssen diese Investitionen weiter aufgestockt und um die notwendigen Personalressourcen f\u00fcr Planung und Umsetzung erg\u00e4nzt werden\u201c, hei\u00dft in der Stellungnahme. (roe)<\/p>\n","protected":false},"excerpt":{"rendered":"<p>VDR w\u00fcnscht F\u00f6rderprogramm f\u00fcr LNG ZDS fordert Zusagen aus Koalitionsvertrag ein Der am Mittwoch vom Bundeswirtschaftsministerium vorgelegte Bericht zur Maritimen Wirtschaft ist bei den Branchenverb\u00e4nden auf ein gemischtes Echo gesto\u00dfen. Ralf Nagel vom Reederverband VDR begr\u00fc\u00dfte zwar, dass die Bundesregierung in ihrer Analyse der Lage der maritimen Wirtschaft im Wesentlichen mit dem VDR \u00fcbereinstimme und [&hellip;]<\/p>\n","protected":false},"author":1,"featured_media":0,"comment_status":"open","ping_status":"open","sticky":false,"template":"","format":"standard","meta":[],"categories":[11],"tags":[],"_links":{"self":[{"href":"https:\/\/www.verkehrsbrief.de\/index.php?rest_route=\/wp\/v2\/posts\/1740532"}],"collection":[{"href":"https:\/\/www.verkehrsbrief.de\/index.php?rest_route=\/wp\/v2\/posts"}],"about":[{"href":"https:\/\/www.verkehrsbrief.de\/index.php?rest_route=\/wp\/v2\/types\/post"}],"author":[{"embeddable":true,"href":"https:\/\/www.verkehrsbrief.de\/index.php?rest_route=\/wp\/v2\/users\/1"}],"replies":[{"embeddable":true,"href":"https:\/\/www.verkehrsbrief.de\/index.php?rest_route=%2Fwp%2Fv2%2Fcomments&post=1740532"}],"version-history":[{"count":0,"href":"https:\/\/www.verkehrsbrief.de\/index.php?rest_route=\/wp\/v2\/posts\/1740532\/revisions"}],"wp:attachment":[{"href":"https:\/\/www.verkehrsbrief.de\/index.php?rest_route=%2Fwp%2Fv2%2Fmedia&parent=1740532"}],"wp:term":[{"taxonomy":"category","embeddable":true,"href":"https:\/\/www.verkehrsbrief.de\/index.php?rest_route=%2Fwp%2Fv2%2Fcategories&post=1740532"},{"taxonomy":"post_tag","embeddable":true,"href":"https:\/\/www.verkehrsbrief.de\/index.php?rest_route=%2Fwp%2Fv2%2Ftags&post=1740532"}],"curies":[{"name":"wp","href":"https:\/\/api.w.org\/{rel}","templated":true}]}}