{"id":1740531,"date":"2015-08-13T10:51:00","date_gmt":"2015-08-13T10:51:00","guid":{"rendered":"http:\/\/www.verkehrsbrief.de\/luftfahrtverbande-ziehen-in-das-haus-der-luftfahrt-um"},"modified":"2015-08-13T10:51:00","modified_gmt":"2015-08-13T10:51:00","slug":"luftfahrtverbande-ziehen-in-das-haus-der-luftfahrt-um","status":"publish","type":"post","link":"https:\/\/www.verkehrsbrief.de\/?p=1740531","title":{"rendered":"Luftfahrtverb\u00e4nde ziehen in das &#8222;Haus der Luftfahrt&#8220; um"},"content":{"rendered":"<p>Die Luftfahrt-Branchenverb\u00e4nde BDL, ADV, Aireg und BDF beziehen Anfang September ein gemeinsames Domizil in Berlin-Mitte in der Friedrichstra\u00dfe 79 (Ecke Franz\u00f6sische Stra\u00dfe). Das best\u00e4tigte am Donnerstag eine BDL-Sprecherin.<\/p>\n<p><a href=\"\/fm\/5571\/Haus-der-Luftfahrt-150813-FotoRoe.jpg\"><\/p>\n<figure><img decoding=\"async\" loading=\"lazy\" class=\"wp-image-1560 size-medium\" alt=\"Haus-der-Luftfahrt-150813-FotoRoe\" width=\"300\" height=\"263\" src=\"http:\/\/verkehrsbrief.knowe.de\/fm\/5571\/Haus-der-Luftfahrt-150813-FotoRoe-300x263.jpg\"><figcaption>Das &#8222;Haus der Luftfahrt&#8220; (Foto: roe)<\/p>\n<p>Im k\u00fcnftigen \u201eHaus der Luftfahrt\u201c war bisher nur der Dachverband BDL ans\u00e4ssig, der seinen Eingang allerdings in der Franz\u00f6sischen Stra\u00dfe 48 hatte. Der Bundesverband der Deutschen Luft- und Raumfahrtindustrie (BDLI) bleibe<\/figcaption><\/figure>\n<p><\/a> an seiner angestammten Adresse in der Friedrichstra\u00dfe 60, ist aber auch kein Mitglied des BDL. Am 29. September soll das \u201eHaus der Luftfahrt\u201c offiziell in Anwesenheit von Bundesverkehrsminister Alexander Dobrindt er\u00f6ffnet werden. (roe)<\/p>\n","protected":false},"excerpt":{"rendered":"<p>Die Luftfahrt-Branchenverb\u00e4nde BDL, ADV, Aireg und BDF beziehen Anfang September ein gemeinsames Domizil in Berlin-Mitte in der Friedrichstra\u00dfe 79 (Ecke Franz\u00f6sische Stra\u00dfe). Das best\u00e4tigte am Donnerstag eine BDL-Sprecherin. Das &#8222;Haus der Luftfahrt&#8220; (Foto: roe) Im k\u00fcnftigen \u201eHaus der Luftfahrt\u201c war bisher nur der Dachverband BDL ans\u00e4ssig, der seinen Eingang allerdings in der Franz\u00f6sischen Stra\u00dfe 48 [&hellip;]<\/p>\n","protected":false},"author":1,"featured_media":0,"comment_status":"open","ping_status":"open","sticky":false,"template":"","format":"standard","meta":[],"categories":[10],"tags":[],"_links":{"self":[{"href":"https:\/\/www.verkehrsbrief.de\/index.php?rest_route=\/wp\/v2\/posts\/1740531"}],"collection":[{"href":"https:\/\/www.verkehrsbrief.de\/index.php?rest_route=\/wp\/v2\/posts"}],"about":[{"href":"https:\/\/www.verkehrsbrief.de\/index.php?rest_route=\/wp\/v2\/types\/post"}],"author":[{"embeddable":true,"href":"https:\/\/www.verkehrsbrief.de\/index.php?rest_route=\/wp\/v2\/users\/1"}],"replies":[{"embeddable":true,"href":"https:\/\/www.verkehrsbrief.de\/index.php?rest_route=%2Fwp%2Fv2%2Fcomments&post=1740531"}],"version-history":[{"count":0,"href":"https:\/\/www.verkehrsbrief.de\/index.php?rest_route=\/wp\/v2\/posts\/1740531\/revisions"}],"wp:attachment":[{"href":"https:\/\/www.verkehrsbrief.de\/index.php?rest_route=%2Fwp%2Fv2%2Fmedia&parent=1740531"}],"wp:term":[{"taxonomy":"category","embeddable":true,"href":"https:\/\/www.verkehrsbrief.de\/index.php?rest_route=%2Fwp%2Fv2%2Fcategories&post=1740531"},{"taxonomy":"post_tag","embeddable":true,"href":"https:\/\/www.verkehrsbrief.de\/index.php?rest_route=%2Fwp%2Fv2%2Ftags&post=1740531"}],"curies":[{"name":"wp","href":"https:\/\/api.w.org\/{rel}","templated":true}]}}