{"id":1740322,"date":"2015-05-08T10:24:00","date_gmt":"2015-05-08T10:24:00","guid":{"rendered":"http:\/\/www.verkehrsbrief.de\/presseschau-8-mai"},"modified":"2015-05-08T10:24:00","modified_gmt":"2015-05-08T10:24:00","slug":"presseschau-8-mai","status":"publish","type":"post","link":"https:\/\/www.verkehrsbrief.de\/?p=1740322","title":{"rendered":"Presseschau 8. Mai"},"content":{"rendered":"<p>EU-Binnenmarktkommissarin Elzbieta Bienkowska erw\u00e4gt nach einem Bericht des neuen europ\u00e4ischen Nachrichtenportals <a href=\"http:\/\/www.politico.eu\/article\/commission-and-parliament-want-to-give-uber-a-free-ride\/\" target=\"_blank\">Politico<\/a>, die Zust\u00e4ndigkeit f\u00fcr Uber an sich zu ziehen. Es sei eine digitale Dienstleistung, keine Verkehrsdienstleistung, und falle daher unter die Dienstleistungsrichtlinie von 2006.<\/p>\n<p>Nach einem Bericht der <a href=\"http:\/\/www.fr-online.de\/bahn-streik\/bahn-streik-klagen-der-wirtschaft-sind-uebertrieben,30486332,30616626.html\" target=\"_blank\">Frankfurter Rundschau<\/a> sind die von den Wirtschaftsverb\u00e4nden genannten Schadenssummen durch den Lokf\u00fchrerstreik deutlich \u00fcbertrieben. Es fehle allerdings an belastbaren\u00a0 Daten und Erfahrungswerten.<\/p>\n<p>Das schleswig-holsteinische Landesverkehrsministerium hat Forderungen der deutsch-d\u00e4nischen Westk\u00fcstenregion \u2013 knapp 1 Mio. Einwohner &#8211; nach einer besseren Stra\u00dfenanbindung indirekt eine Absage erteilt, berichten das <a href=\"http:\/\/www.shz.de\/lokales\/nordfriesland-tageblatt\/geduldig-waren-wir-lange-genug-id9655596.html\" target=\"_blank\">Nordfriesland-Tageblatt<\/a>. Die Umsetzung k\u00f6nne l\u00e4nger dauern, und die Westk\u00fcste sei eine Randregion und nicht Teil gro\u00dfer Transitkorridore, habe Staatssekret\u00e4r Frank N\u00e4gele gesagt. (roe)<\/p>\n","protected":false},"excerpt":{"rendered":"<p>EU-Binnenmarktkommissarin Elzbieta Bienkowska erw\u00e4gt nach einem Bericht des neuen europ\u00e4ischen Nachrichtenportals Politico, die Zust\u00e4ndigkeit f\u00fcr Uber an sich zu ziehen. Es sei eine digitale Dienstleistung, keine Verkehrsdienstleistung, und falle daher unter die Dienstleistungsrichtlinie von 2006. Nach einem Bericht der Frankfurter Rundschau sind die von den Wirtschaftsverb\u00e4nden genannten Schadenssummen durch den Lokf\u00fchrerstreik deutlich \u00fcbertrieben. Es fehle [&hellip;]<\/p>\n","protected":false},"author":1,"featured_media":0,"comment_status":"open","ping_status":"open","sticky":false,"template":"","format":"standard","meta":[],"categories":[1],"tags":[],"_links":{"self":[{"href":"https:\/\/www.verkehrsbrief.de\/index.php?rest_route=\/wp\/v2\/posts\/1740322"}],"collection":[{"href":"https:\/\/www.verkehrsbrief.de\/index.php?rest_route=\/wp\/v2\/posts"}],"about":[{"href":"https:\/\/www.verkehrsbrief.de\/index.php?rest_route=\/wp\/v2\/types\/post"}],"author":[{"embeddable":true,"href":"https:\/\/www.verkehrsbrief.de\/index.php?rest_route=\/wp\/v2\/users\/1"}],"replies":[{"embeddable":true,"href":"https:\/\/www.verkehrsbrief.de\/index.php?rest_route=%2Fwp%2Fv2%2Fcomments&post=1740322"}],"version-history":[{"count":0,"href":"https:\/\/www.verkehrsbrief.de\/index.php?rest_route=\/wp\/v2\/posts\/1740322\/revisions"}],"wp:attachment":[{"href":"https:\/\/www.verkehrsbrief.de\/index.php?rest_route=%2Fwp%2Fv2%2Fmedia&parent=1740322"}],"wp:term":[{"taxonomy":"category","embeddable":true,"href":"https:\/\/www.verkehrsbrief.de\/index.php?rest_route=%2Fwp%2Fv2%2Fcategories&post=1740322"},{"taxonomy":"post_tag","embeddable":true,"href":"https:\/\/www.verkehrsbrief.de\/index.php?rest_route=%2Fwp%2Fv2%2Ftags&post=1740322"}],"curies":[{"name":"wp","href":"https:\/\/api.w.org\/{rel}","templated":true}]}}