{"id":1740240,"date":"2015-03-31T10:46:00","date_gmt":"2015-03-31T10:46:00","guid":{"rendered":"http:\/\/www.verkehrsbrief.de\/presseschau-31-marz"},"modified":"2015-03-31T10:46:00","modified_gmt":"2015-03-31T10:46:00","slug":"presseschau-31-marz","status":"publish","type":"post","link":"https:\/\/www.verkehrsbrief.de\/?p=1740240","title":{"rendered":"Presseschau 31. M\u00e4rz"},"content":{"rendered":"<p>In Baden-W\u00fcrttemberg wollen sich mindestens f\u00fcnf weitere Unternehmen am Lang-Lkw-Feldversuch beteiligen, berichtet die <a href=\"http:\/\/www.stuttgarter-nachrichten.de\/inhalt.gigaliner-in-baden-wuerttemberg-spediteure-rechnen-mit-25-lang-lkw.69875634-94fe-44ba-933e-c3023c71aaed.html\" target=\"_blank\">Stuttgarter Zeitung<\/a>. Kritik gibt es schon jetzt an der begrenzten Freigabe von Autobahnen.<\/p>\n<p>Verkehrsminister Alexander Dobrindt wolle \u201ebald\u201c ein Gesetz zur Privilegierung von Car-Sharing-Autos vorlegen, berichtet unter anderem das <a href=\"http:\/\/www.neues-deutschland.de\/artikel\/966460.deutsche-wollen-weg-von-den-auto-staedten.html\" target=\"_blank\">Neue Deutschland<\/a> aus einer Pressekonferenz mit der Pr\u00e4sidentin des Umweltbundesamtes.<\/p>\n<p>Die Ruhr-Universit\u00e4t Bochum hat in einem dreij\u00e4hrigen Beobachtungszeitraum 24 Elektro-Pkw von 500 Privatnutzern testen lassen, berichten die <a href=\"http:\/\/www.derwesten.de\/staedte\/bochum\/ruhr-uni-laesst-die-reichweite-von-elektro-autos-testen-id10515998.html\" target=\"_blank\">WAZ-Zeitungen<\/a>. Die grunds\u00e4tzliche Eignung sei auch bei Langstreckenpendlern gegeben. (roe)<\/p>\n","protected":false},"excerpt":{"rendered":"<p>In Baden-W\u00fcrttemberg wollen sich mindestens f\u00fcnf weitere Unternehmen am Lang-Lkw-Feldversuch beteiligen, berichtet die Stuttgarter Zeitung. Kritik gibt es schon jetzt an der begrenzten Freigabe von Autobahnen. Verkehrsminister Alexander Dobrindt wolle \u201ebald\u201c ein Gesetz zur Privilegierung von Car-Sharing-Autos vorlegen, berichtet unter anderem das Neue Deutschland aus einer Pressekonferenz mit der Pr\u00e4sidentin des Umweltbundesamtes. Die Ruhr-Universit\u00e4t Bochum [&hellip;]<\/p>\n","protected":false},"author":1,"featured_media":0,"comment_status":"open","ping_status":"open","sticky":false,"template":"","format":"standard","meta":[],"categories":[1],"tags":[],"_links":{"self":[{"href":"https:\/\/www.verkehrsbrief.de\/index.php?rest_route=\/wp\/v2\/posts\/1740240"}],"collection":[{"href":"https:\/\/www.verkehrsbrief.de\/index.php?rest_route=\/wp\/v2\/posts"}],"about":[{"href":"https:\/\/www.verkehrsbrief.de\/index.php?rest_route=\/wp\/v2\/types\/post"}],"author":[{"embeddable":true,"href":"https:\/\/www.verkehrsbrief.de\/index.php?rest_route=\/wp\/v2\/users\/1"}],"replies":[{"embeddable":true,"href":"https:\/\/www.verkehrsbrief.de\/index.php?rest_route=%2Fwp%2Fv2%2Fcomments&post=1740240"}],"version-history":[{"count":0,"href":"https:\/\/www.verkehrsbrief.de\/index.php?rest_route=\/wp\/v2\/posts\/1740240\/revisions"}],"wp:attachment":[{"href":"https:\/\/www.verkehrsbrief.de\/index.php?rest_route=%2Fwp%2Fv2%2Fmedia&parent=1740240"}],"wp:term":[{"taxonomy":"category","embeddable":true,"href":"https:\/\/www.verkehrsbrief.de\/index.php?rest_route=%2Fwp%2Fv2%2Fcategories&post=1740240"},{"taxonomy":"post_tag","embeddable":true,"href":"https:\/\/www.verkehrsbrief.de\/index.php?rest_route=%2Fwp%2Fv2%2Ftags&post=1740240"}],"curies":[{"name":"wp","href":"https:\/\/api.w.org\/{rel}","templated":true}]}}