{"id":1740230,"date":"2015-03-26T14:23:00","date_gmt":"2015-03-26T14:23:00","guid":{"rendered":"http:\/\/www.verkehrsbrief.de\/nusbaum-ruckt-an-die-dvf-spitze"},"modified":"2015-03-26T14:23:00","modified_gmt":"2015-03-26T14:23:00","slug":"nusbaum-ruckt-an-die-dvf-spitze","status":"publish","type":"post","link":"https:\/\/www.verkehrsbrief.de\/?p=1740230","title":{"rendered":"Nu\u00dfbaum r\u00fcckt an die DVF-Spitze"},"content":{"rendered":"<p><a href=\"\/fm\/5571\/Nussbaum-Ulrich-150325-DVF-FotoRoe.jpg\"><\/p>\n<figure><img decoding=\"async\" loading=\"lazy\" class=\"size-medium wp-image-532\" alt=\"Ulrich Nu\u00dfbaum am Mittwoch bei seiner Ansprache zum Amtsantritt (Foto: roe)\" width=\"256\" height=\"300\" src=\"http:\/\/verkehrsbrief.knowe.de\/fm\/5571\/Nussbaum-Ulrich-150325-DVF-FotoRoe-256x300.jpg\"><figcaption>Ulrich Nu\u00dfbaum am Mittwoch bei seiner Ansprache zum Amtsantritt (Foto: roe)<\/figcaption><\/figure>\n<p><\/a><\/p>\n<p><strong>Ulrich Nu\u00dfbaum<\/strong> (57) ist am Mittwoch <a title=\"Nu\u00dfbaum wird DVF-Vorsitzender\" href=\"http:\/\/www.verkehrsbrief.de\/?p=104\">erwartungsgem\u00e4\u00df<\/a> offiziell zum neuen Pr\u00e4sidiumsvorsitzenden des Deutschen Verkehrsforums (DVF) gew\u00e4hlt worden. In seiner kurzen Ansprache zum Amtsantritt sagte er an die Adresse seines Vorg\u00e4nger Klaus-Peter M\u00fcller, er habe ein gut bestelltes Haus \u00fcbernommen.<!--more--><\/p>\n<p>Neue ins Pr\u00e4sidium gew\u00e4hlt wurde <strong>Reiner Heiken<\/strong>, Vorsitzender der Gesch\u00e4ftsleitung der K\u00fchne + Nagel (AG &#038; Co.) KG. Er tritt an die Stelle von <strong>Hans-Georg Brinkmann<\/strong>, CEO Central Europe von K\u00fchne + Nagel, der altersbedingt ausgeschieden ist. Ebenfalls aus dem Pr\u00e4sidium ausgeschieden ist Reinhard Clemens, Vorstandsmitglied der Deutschen Telekom AG und CEO von T-Systems. (roe)<\/p>\n","protected":false},"excerpt":{"rendered":"<p>Ulrich Nu\u00dfbaum am Mittwoch bei seiner Ansprache zum Amtsantritt (Foto: roe) Ulrich Nu\u00dfbaum (57) ist am Mittwoch erwartungsgem\u00e4\u00df offiziell zum neuen Pr\u00e4sidiumsvorsitzenden des Deutschen Verkehrsforums (DVF) gew\u00e4hlt worden. In seiner kurzen Ansprache zum Amtsantritt sagte er an die Adresse seines Vorg\u00e4nger Klaus-Peter M\u00fcller, er habe ein gut bestelltes Haus \u00fcbernommen.<\/p>\n","protected":false},"author":1,"featured_media":0,"comment_status":"open","ping_status":"open","sticky":false,"template":"","format":"standard","meta":[],"categories":[5],"tags":[],"_links":{"self":[{"href":"https:\/\/www.verkehrsbrief.de\/index.php?rest_route=\/wp\/v2\/posts\/1740230"}],"collection":[{"href":"https:\/\/www.verkehrsbrief.de\/index.php?rest_route=\/wp\/v2\/posts"}],"about":[{"href":"https:\/\/www.verkehrsbrief.de\/index.php?rest_route=\/wp\/v2\/types\/post"}],"author":[{"embeddable":true,"href":"https:\/\/www.verkehrsbrief.de\/index.php?rest_route=\/wp\/v2\/users\/1"}],"replies":[{"embeddable":true,"href":"https:\/\/www.verkehrsbrief.de\/index.php?rest_route=%2Fwp%2Fv2%2Fcomments&post=1740230"}],"version-history":[{"count":0,"href":"https:\/\/www.verkehrsbrief.de\/index.php?rest_route=\/wp\/v2\/posts\/1740230\/revisions"}],"wp:attachment":[{"href":"https:\/\/www.verkehrsbrief.de\/index.php?rest_route=%2Fwp%2Fv2%2Fmedia&parent=1740230"}],"wp:term":[{"taxonomy":"category","embeddable":true,"href":"https:\/\/www.verkehrsbrief.de\/index.php?rest_route=%2Fwp%2Fv2%2Fcategories&post=1740230"},{"taxonomy":"post_tag","embeddable":true,"href":"https:\/\/www.verkehrsbrief.de\/index.php?rest_route=%2Fwp%2Fv2%2Ftags&post=1740230"}],"curies":[{"name":"wp","href":"https:\/\/api.w.org\/{rel}","templated":true}]}}