{"id":1740195,"date":"2015-03-19T11:15:00","date_gmt":"2015-03-19T11:15:00","guid":{"rendered":"http:\/\/www.verkehrsbrief.de\/presseschau-19-marz"},"modified":"2015-03-19T11:15:00","modified_gmt":"2015-03-19T11:15:00","slug":"presseschau-19-marz","status":"publish","type":"post","link":"https:\/\/www.verkehrsbrief.de\/?p=1740195","title":{"rendered":"Presseschau 19. M\u00e4rz"},"content":{"rendered":"<p>SPD-Fraktionsvize S\u00f6ren Bartol verlangt der <a href=\"http:\/\/www.fr-online.de\/wirtschaft\/pkw-maut-spd-fordert-billigere-kurzzeitvignette,1472780,30158274.html\" target=\"_blank\">Frankfurter Rundschau<\/a> zufolge in ultimativer Form, dass bei der Pkw-Maut die Kurzzeitvignetten billiger und nach Umweltklassen gestaffelt werden. Ansonsten drohe eine Verletzung des EU-Rechts. Zudem m\u00fcsste die geplante Speicherfrist von sechs Jahren f\u00fcr Fahrzeug- und Halterdaten im KBA-Infrastrukturabgaberegister verk\u00fcrzt werden.<\/p>\n<p>Die Union im Landkreis Altenkirchen (Westerwald\/Siegerland) fordert verbesserten L\u00e4rmschutz an der Siegstrecke, berichtet das \u00f6rtliche Nachrichtenportal <a href=\"http:\/\/www.ak-kurier.de\/akkurier\/www\/artikel\/36805-bahnlaerm-auf-der-siegstrecke-reduzieren\" target=\"_blank\">AK-Kurier<\/a>. Hintergrund sind \u00dcberlegungen, das <a title=\"Korridorstudie: Mehr G\u00fcterz\u00fcge \u00fcber Siegen und Gie\u00dfen\" href=\"http:\/\/www.verkehrsbrief.de\/?p=362\" target=\"_blank\">Mittelrheintal vom G\u00fcterzugverkehr zu entlasten<\/a> und stattdessen vermehrt die Strecke \u00fcber Siegen und Gie\u00dfen in das Rhein-Main-Gebiet zu nutzen. (roe)<\/p>\n","protected":false},"excerpt":{"rendered":"<p>SPD-Fraktionsvize S\u00f6ren Bartol verlangt der Frankfurter Rundschau zufolge in ultimativer Form, dass bei der Pkw-Maut die Kurzzeitvignetten billiger und nach Umweltklassen gestaffelt werden. Ansonsten drohe eine Verletzung des EU-Rechts. Zudem m\u00fcsste die geplante Speicherfrist von sechs Jahren f\u00fcr Fahrzeug- und Halterdaten im KBA-Infrastrukturabgaberegister verk\u00fcrzt werden. Die Union im Landkreis Altenkirchen (Westerwald\/Siegerland) fordert verbesserten L\u00e4rmschutz an [&hellip;]<\/p>\n","protected":false},"author":1,"featured_media":0,"comment_status":"open","ping_status":"open","sticky":false,"template":"","format":"standard","meta":[],"categories":[9,8],"tags":[],"_links":{"self":[{"href":"https:\/\/www.verkehrsbrief.de\/index.php?rest_route=\/wp\/v2\/posts\/1740195"}],"collection":[{"href":"https:\/\/www.verkehrsbrief.de\/index.php?rest_route=\/wp\/v2\/posts"}],"about":[{"href":"https:\/\/www.verkehrsbrief.de\/index.php?rest_route=\/wp\/v2\/types\/post"}],"author":[{"embeddable":true,"href":"https:\/\/www.verkehrsbrief.de\/index.php?rest_route=\/wp\/v2\/users\/1"}],"replies":[{"embeddable":true,"href":"https:\/\/www.verkehrsbrief.de\/index.php?rest_route=%2Fwp%2Fv2%2Fcomments&post=1740195"}],"version-history":[{"count":0,"href":"https:\/\/www.verkehrsbrief.de\/index.php?rest_route=\/wp\/v2\/posts\/1740195\/revisions"}],"wp:attachment":[{"href":"https:\/\/www.verkehrsbrief.de\/index.php?rest_route=%2Fwp%2Fv2%2Fmedia&parent=1740195"}],"wp:term":[{"taxonomy":"category","embeddable":true,"href":"https:\/\/www.verkehrsbrief.de\/index.php?rest_route=%2Fwp%2Fv2%2Fcategories&post=1740195"},{"taxonomy":"post_tag","embeddable":true,"href":"https:\/\/www.verkehrsbrief.de\/index.php?rest_route=%2Fwp%2Fv2%2Ftags&post=1740195"}],"curies":[{"name":"wp","href":"https:\/\/api.w.org\/{rel}","templated":true}]}}