{"id":1740160,"date":"2015-03-06T10:34:00","date_gmt":"2015-03-06T10:34:00","guid":{"rendered":"http:\/\/www.verkehrsbrief.de\/presseschau-6-marz"},"modified":"2015-03-06T10:34:00","modified_gmt":"2015-03-06T10:34:00","slug":"presseschau-6-marz","status":"publish","type":"post","link":"https:\/\/www.verkehrsbrief.de\/?p=1740160","title":{"rendered":"Presseschau 6. M\u00e4rz"},"content":{"rendered":"<p>Baden-W\u00fcrttembergs Verkehrsminister Winfried Hermann hat sich in <a href=\"http:\/\/www.deutschlandradiokultur.de\/finanzierung-des-strassenbaus-warum-privatinvestoren-es.1008.de.html?dram:article_id=313457\" target=\"_blank\">Deutschlandradio Kultur\u00a0 <\/a>gegen eine private Stra\u00dfenfinanzierung ausgesprochen, wie sie von der Bundesregierung gepr\u00fcft wird. Zumindest sei eine \u00f6ffentliche Debatte dar\u00fcber zu f\u00fchren, ob es sinnvoll ist, Banken und Versicherern eine h\u00f6here Rendite anzubieten als sie derzeit auf dem Markt erzielen k\u00f6nnen.<\/p>\n<p>EU-Verkehrskommissarin zeigte sich laut <a href=\"http:\/\/wirtschaftsblatt.at\/home\/nachrichten\/europa\/4678081\/Brussel-will-bei-deutscher-PkwMaut-keinen-Kompromiss-eingehen\" target=\"_blank\">Wirtschaftsblatt.at<\/a> weiterhin skeptisch zur deutschen Pkw-Maut. Sie kritisiere unter anderem, dass die Zehntagesvignette mit 10 EUR im Vergleich zur g\u00fcnstigsten Jahresvignette (20 EUR) zu teuer sei. (roe)<\/p>\n","protected":false},"excerpt":{"rendered":"<p>Baden-W\u00fcrttembergs Verkehrsminister Winfried Hermann hat sich in Deutschlandradio Kultur\u00a0 gegen eine private Stra\u00dfenfinanzierung ausgesprochen, wie sie von der Bundesregierung gepr\u00fcft wird. Zumindest sei eine \u00f6ffentliche Debatte dar\u00fcber zu f\u00fchren, ob es sinnvoll ist, Banken und Versicherern eine h\u00f6here Rendite anzubieten als sie derzeit auf dem Markt erzielen k\u00f6nnen. EU-Verkehrskommissarin zeigte sich laut Wirtschaftsblatt.at weiterhin skeptisch [&hellip;]<\/p>\n","protected":false},"author":1,"featured_media":0,"comment_status":"open","ping_status":"open","sticky":false,"template":"","format":"standard","meta":[],"categories":[8],"tags":[],"_links":{"self":[{"href":"https:\/\/www.verkehrsbrief.de\/index.php?rest_route=\/wp\/v2\/posts\/1740160"}],"collection":[{"href":"https:\/\/www.verkehrsbrief.de\/index.php?rest_route=\/wp\/v2\/posts"}],"about":[{"href":"https:\/\/www.verkehrsbrief.de\/index.php?rest_route=\/wp\/v2\/types\/post"}],"author":[{"embeddable":true,"href":"https:\/\/www.verkehrsbrief.de\/index.php?rest_route=\/wp\/v2\/users\/1"}],"replies":[{"embeddable":true,"href":"https:\/\/www.verkehrsbrief.de\/index.php?rest_route=%2Fwp%2Fv2%2Fcomments&post=1740160"}],"version-history":[{"count":0,"href":"https:\/\/www.verkehrsbrief.de\/index.php?rest_route=\/wp\/v2\/posts\/1740160\/revisions"}],"wp:attachment":[{"href":"https:\/\/www.verkehrsbrief.de\/index.php?rest_route=%2Fwp%2Fv2%2Fmedia&parent=1740160"}],"wp:term":[{"taxonomy":"category","embeddable":true,"href":"https:\/\/www.verkehrsbrief.de\/index.php?rest_route=%2Fwp%2Fv2%2Fcategories&post=1740160"},{"taxonomy":"post_tag","embeddable":true,"href":"https:\/\/www.verkehrsbrief.de\/index.php?rest_route=%2Fwp%2Fv2%2Ftags&post=1740160"}],"curies":[{"name":"wp","href":"https:\/\/api.w.org\/{rel}","templated":true}]}}