{"id":1740129,"date":"2015-02-26T12:03:00","date_gmt":"2015-02-26T12:03:00","guid":{"rendered":"http:\/\/www.verkehrsbrief.de\/spd-und-union-sticheln-bei-pkw-maut-gegeneinander"},"modified":"2015-02-26T12:03:00","modified_gmt":"2015-02-26T12:03:00","slug":"spd-und-union-sticheln-bei-pkw-maut-gegeneinander","status":"publish","type":"post","link":"https:\/\/www.verkehrsbrief.de\/?p=1740129","title":{"rendered":"SPD und Union sticheln bei Pkw-Maut gegeneinander"},"content":{"rendered":"<p>Beim Thema Pkw-Maut liegen die Nerven der Koalitionsfraktionen untereinander blank. Das wurde am Donnerstagmorgen bei der ersten Lesung der Gesetzentw\u00fcrfe f\u00fcr die Infrastrukturabgabe und die Kfz-Steuerkompensation deutlich. \u201eWer eine Koalition eingeht, muss Kompromisse eingehen &#8211; die Pkw-Maut ist f\u00fcr die SPD so einer\u201c, sagte SPD-Fraktionsvize S\u00f6ren Bartol. Auch andere Redner der SPD betonten, die Pkw-Maut sei nicht ihre \u201eHerzensangelegenheit\u201c. Bartol betonte, das Parlament solle sich von niemandem treiben lassen. Die SPD werde keiner Maut zustimmen, die deutsche Autofahrer zus\u00e4tzlich belastet. Er mahnte an, die Bedenken des Bundesrates hinsichtlich der \u00dcberw\u00e4lzung von Lasten auf die Kommunen, der Zustimmungspflichtigkeit der L\u00e4nderkammer und des Datenschutzes ernst zu nehmen. Der SPD-Mautexperte Sebastian Hartmann kritisierte das BMVI, weil es zuerst die Grundlagen f\u00fcr seine Einnahmesch\u00e4tzungen \u00fcberhaupt nicht offengelegt habe, dann aber zun\u00e4chst den Medien und erst danach dem Parlament zug\u00e4nglich gemacht habe. Der SPD-Finanzpolitiker Andreas Schwarz zweifelte die Berechnungen der Bundesregierung f\u00fcr den Erf\u00fcllungsaufwand in der Verwaltung an. So seien f\u00fcnf Minuten f\u00fcr eine telefonische Beratung durch die Zollverwaltung zu niedrig an.<\/p>\n<p>Der Unions-Haushaltspolitiker Eckhardt Rehberg wies diese Kritik und die Bedenken des Bundesrates gegen den Gesetzentwurf zur\u00fcck. Es sei ein Gesetzentwurf der gesamten Bundesregierung, nicht nur des BMVI. Das bedeute unter anderem, dass das Innenministerium die Verfassungsm\u00e4\u00dfigkeit gepr\u00fcft habe und das Bundesjustizministerium die rechtsf\u00f6rmliche Richtigkeit. Er ermahnte alle Fraktionen, nicht den Grundsatz der nationalen Steuerhoheit zu zerreden \u2013 damit spiele man der EU auch bei anderen Themen in die H\u00e4nde.<\/p>\n<p>Die verkehrspolitische Sprecherin der Linken, Sabine Leidig, sieht entgangene Einnahmem\u00f6glichkeiten an anderen Ecken: So werde Dieselkraftstoff jedes Jahr mit 7 Mrd. EUR steuerlich beg\u00fcnstigt. <a href=\"http:\/\/www.verkehrsbrief.de\/?p=204\">Bei der nach CO2-Aussto\u00df berechneten Kfz-Steuer entgingen dem Staat j\u00e4hrlich 1,4 Mrd. EUR<\/a>, weil die Automobilindustrie ihre Fahrzeuge systematisch auf die Verbrauchsmesszyklen hin optimiere und damit unrealistische CO2-Werte angesetzt w\u00fcrden. (roe)<\/p>\n","protected":false},"excerpt":{"rendered":"<p>Beim Thema Pkw-Maut liegen die Nerven der Koalitionsfraktionen untereinander blank. Das wurde am Donnerstagmorgen bei der ersten Lesung der Gesetzentw\u00fcrfe f\u00fcr die Infrastrukturabgabe und die Kfz-Steuerkompensation deutlich. \u201eWer eine Koalition eingeht, muss Kompromisse eingehen &#8211; die Pkw-Maut ist f\u00fcr die SPD so einer\u201c, sagte SPD-Fraktionsvize S\u00f6ren Bartol. Auch andere Redner der SPD betonten, die Pkw-Maut [&hellip;]<\/p>\n","protected":false},"author":1,"featured_media":0,"comment_status":"open","ping_status":"open","sticky":false,"template":"","format":"standard","meta":[],"categories":[8],"tags":[],"_links":{"self":[{"href":"https:\/\/www.verkehrsbrief.de\/index.php?rest_route=\/wp\/v2\/posts\/1740129"}],"collection":[{"href":"https:\/\/www.verkehrsbrief.de\/index.php?rest_route=\/wp\/v2\/posts"}],"about":[{"href":"https:\/\/www.verkehrsbrief.de\/index.php?rest_route=\/wp\/v2\/types\/post"}],"author":[{"embeddable":true,"href":"https:\/\/www.verkehrsbrief.de\/index.php?rest_route=\/wp\/v2\/users\/1"}],"replies":[{"embeddable":true,"href":"https:\/\/www.verkehrsbrief.de\/index.php?rest_route=%2Fwp%2Fv2%2Fcomments&post=1740129"}],"version-history":[{"count":0,"href":"https:\/\/www.verkehrsbrief.de\/index.php?rest_route=\/wp\/v2\/posts\/1740129\/revisions"}],"wp:attachment":[{"href":"https:\/\/www.verkehrsbrief.de\/index.php?rest_route=%2Fwp%2Fv2%2Fmedia&parent=1740129"}],"wp:term":[{"taxonomy":"category","embeddable":true,"href":"https:\/\/www.verkehrsbrief.de\/index.php?rest_route=%2Fwp%2Fv2%2Fcategories&post=1740129"},{"taxonomy":"post_tag","embeddable":true,"href":"https:\/\/www.verkehrsbrief.de\/index.php?rest_route=%2Fwp%2Fv2%2Ftags&post=1740129"}],"curies":[{"name":"wp","href":"https:\/\/api.w.org\/{rel}","templated":true}]}}