{"id":1740128,"date":"2015-02-26T09:09:00","date_gmt":"2015-02-26T09:09:00","guid":{"rendered":"http:\/\/www.verkehrsbrief.de\/presseschau-26-februar"},"modified":"2015-02-26T09:09:00","modified_gmt":"2015-02-26T09:09:00","slug":"presseschau-26-februar","status":"publish","type":"post","link":"https:\/\/www.verkehrsbrief.de\/?p=1740128","title":{"rendered":"Presseschau 26. Februar"},"content":{"rendered":"<p>Beherrschendes Thema heute ist die Pkw-Maut, \u00fcber die ab 9 Uhr im Bundestag in erster Lesung beraten wird. Der stellvertretende Fraktionsvorsitzende S\u00f6ren Bartol machte am Donnerstag im ARD-Morgenmagazin noch einmal Bedenken im Bereich Datenschutz und bei der Frage der R\u00fcckerstattung deutlich. Er forderte au\u00dferdem, Ausnahmeregelungen f\u00fcr Grenzregionen zu pr\u00fcfen. Eine Verabschiedung des Gesetzes erwartet er &#8222;Richtung Sommerpause&#8220;.<\/p>\n<p>Einem Bericht der <a href=\"http:\/\/www.ln-online.de\/Nachrichten\/Norddeutschland\/Gueterzuege-doch-durch-die-Baeder-Protest-beginnt-von-vorn\" target=\"_blank\">L\u00fcbecker Nachrichten<\/a> zufolge st\u00f6\u00dft die Absicht von Bundesverkehrsminister Alexander Dobrindt pr\u00fcfen, ob und wie der Bahng\u00fcterverkehr bis zur Fertigstellung der Hinterlandanbindung der Festen Fehmarnbeltquerung \u00fcber die Bestandstrasse durch die B\u00e4derorte gef\u00fchrt werden kann, auf heftigen Widerstand in der Region. (roe)<\/p>\n","protected":false},"excerpt":{"rendered":"<p>Beherrschendes Thema heute ist die Pkw-Maut, \u00fcber die ab 9 Uhr im Bundestag in erster Lesung beraten wird. Der stellvertretende Fraktionsvorsitzende S\u00f6ren Bartol machte am Donnerstag im ARD-Morgenmagazin noch einmal Bedenken im Bereich Datenschutz und bei der Frage der R\u00fcckerstattung deutlich. Er forderte au\u00dferdem, Ausnahmeregelungen f\u00fcr Grenzregionen zu pr\u00fcfen. Eine Verabschiedung des Gesetzes erwartet er [&hellip;]<\/p>\n","protected":false},"author":1,"featured_media":0,"comment_status":"open","ping_status":"open","sticky":false,"template":"","format":"standard","meta":[],"categories":[9,8],"tags":[],"_links":{"self":[{"href":"https:\/\/www.verkehrsbrief.de\/index.php?rest_route=\/wp\/v2\/posts\/1740128"}],"collection":[{"href":"https:\/\/www.verkehrsbrief.de\/index.php?rest_route=\/wp\/v2\/posts"}],"about":[{"href":"https:\/\/www.verkehrsbrief.de\/index.php?rest_route=\/wp\/v2\/types\/post"}],"author":[{"embeddable":true,"href":"https:\/\/www.verkehrsbrief.de\/index.php?rest_route=\/wp\/v2\/users\/1"}],"replies":[{"embeddable":true,"href":"https:\/\/www.verkehrsbrief.de\/index.php?rest_route=%2Fwp%2Fv2%2Fcomments&post=1740128"}],"version-history":[{"count":0,"href":"https:\/\/www.verkehrsbrief.de\/index.php?rest_route=\/wp\/v2\/posts\/1740128\/revisions"}],"wp:attachment":[{"href":"https:\/\/www.verkehrsbrief.de\/index.php?rest_route=%2Fwp%2Fv2%2Fmedia&parent=1740128"}],"wp:term":[{"taxonomy":"category","embeddable":true,"href":"https:\/\/www.verkehrsbrief.de\/index.php?rest_route=%2Fwp%2Fv2%2Fcategories&post=1740128"},{"taxonomy":"post_tag","embeddable":true,"href":"https:\/\/www.verkehrsbrief.de\/index.php?rest_route=%2Fwp%2Fv2%2Ftags&post=1740128"}],"curies":[{"name":"wp","href":"https:\/\/api.w.org\/{rel}","templated":true}]}}