{"id":1740116,"date":"2015-02-23T12:57:00","date_gmt":"2015-02-23T12:57:00","guid":{"rendered":"http:\/\/www.verkehrsbrief.de\/nusbaum-wird-dvf-vorsitzender"},"modified":"2015-02-23T12:57:00","modified_gmt":"2015-02-23T12:57:00","slug":"nusbaum-wird-dvf-vorsitzender","status":"publish","type":"post","link":"https:\/\/www.verkehrsbrief.de\/?p=1740116","title":{"rendered":"Nu\u00dfbaum wird DVF-Vorsitzender"},"content":{"rendered":"<p><a href=\"\/fm\/5571\/nussbaum_Berlin-de.jpg\"><img decoding=\"async\" loading=\"lazy\" class=\" size-medium wp-image-111 alignleft\" alt=\"nussbaum_Berlin-de\" width=\"221\" height=\"300\" src=\"http:\/\/verkehrsbrief.knowe.de\/fm\/5571\/nussbaum_Berlin-de-221x300.jpg\"><\/a><strong>Ulrich Nu\u00dfbaum, <\/strong>Unternehmer und ehemaliger Finanzsenator, soll neuer Pr\u00e4sidiumsvorsitzender des Deutschen Verkehrsforums (DVF) werden. Wie das DVF am Montag mitteilte, werde der bisherige Amtsinhaber Klaus-Peter M\u00fcller, der zugleich Aufsichtsratsvorsitzender der Commerzbank ist, sein Amt zur Mitgliederversammlung am 25. M\u00e4rz niederlegen. M\u00fcller ist seit sieben Jahren Pr\u00e4sidiumsvorsitzender des DVF.<\/p>\n<p>Der aus der N\u00e4he von Trier stammende 57-j\u00e4hrige Nu\u00dfbaum hat in Jura und Politikwissenschaft promoviert, ist aber bis heute in fischereinahen Firmen als Unternehmer t\u00e4tig. Von 2003 bis 2007 war er Finanzsenator in Bremen, von 2009 bis Dezember 2014 Finanzsenator in Berlin. Nominiert wurde Nu\u00dfbaum, der einen Parteieintritt immer abgelehnt hat, jeweils von der SPD.<\/p>\n<p>Das DVF betonte, Nu\u00dfbaum bringe als erfolgreicher Unternehmer, aber auch als ehemaliger Finanzsenator in Bremen und Berlin, wertvolle Erfahrungen und Kontakte mit. Als Manager und als Politiker kenne er die Belange und Notwendigkeiten des Mobilit\u00e4tssektors aus beiden Perspektiven. (roe\/Foto: <a href=\"http:\/\/www.berlin.de\/sen\/finanzen\/ueber-uns\/artikel.10318.php\" target=\"_blank\">berlin.de<\/a>)<\/p>\n","protected":false},"excerpt":{"rendered":"<p>Ulrich Nu\u00dfbaum, Unternehmer und ehemaliger Finanzsenator, soll neuer Pr\u00e4sidiumsvorsitzender des Deutschen Verkehrsforums (DVF) werden. Wie das DVF am Montag mitteilte, werde der bisherige Amtsinhaber Klaus-Peter M\u00fcller, der zugleich Aufsichtsratsvorsitzender der Commerzbank ist, sein Amt zur Mitgliederversammlung am 25. M\u00e4rz niederlegen. M\u00fcller ist seit sieben Jahren Pr\u00e4sidiumsvorsitzender des DVF. Der aus der N\u00e4he von Trier stammende [&hellip;]<\/p>\n","protected":false},"author":1,"featured_media":0,"comment_status":"open","ping_status":"open","sticky":false,"template":"","format":"standard","meta":[],"categories":[5],"tags":[],"_links":{"self":[{"href":"https:\/\/www.verkehrsbrief.de\/index.php?rest_route=\/wp\/v2\/posts\/1740116"}],"collection":[{"href":"https:\/\/www.verkehrsbrief.de\/index.php?rest_route=\/wp\/v2\/posts"}],"about":[{"href":"https:\/\/www.verkehrsbrief.de\/index.php?rest_route=\/wp\/v2\/types\/post"}],"author":[{"embeddable":true,"href":"https:\/\/www.verkehrsbrief.de\/index.php?rest_route=\/wp\/v2\/users\/1"}],"replies":[{"embeddable":true,"href":"https:\/\/www.verkehrsbrief.de\/index.php?rest_route=%2Fwp%2Fv2%2Fcomments&post=1740116"}],"version-history":[{"count":0,"href":"https:\/\/www.verkehrsbrief.de\/index.php?rest_route=\/wp\/v2\/posts\/1740116\/revisions"}],"wp:attachment":[{"href":"https:\/\/www.verkehrsbrief.de\/index.php?rest_route=%2Fwp%2Fv2%2Fmedia&parent=1740116"}],"wp:term":[{"taxonomy":"category","embeddable":true,"href":"https:\/\/www.verkehrsbrief.de\/index.php?rest_route=%2Fwp%2Fv2%2Fcategories&post=1740116"},{"taxonomy":"post_tag","embeddable":true,"href":"https:\/\/www.verkehrsbrief.de\/index.php?rest_route=%2Fwp%2Fv2%2Ftags&post=1740116"}],"curies":[{"name":"wp","href":"https:\/\/api.w.org\/{rel}","templated":true}]}}