{"id":1740110,"date":"2015-02-19T16:17:00","date_gmt":"2015-02-19T16:17:00","guid":{"rendered":"http:\/\/www.verkehrsbrief.de\/eschborn-will-pendler-aufs-rad-bringen"},"modified":"2015-02-19T16:17:00","modified_gmt":"2015-02-19T16:17:00","slug":"eschborn-will-pendler-aufs-rad-bringen","status":"publish","type":"post","link":"https:\/\/www.verkehrsbrief.de\/?p=1740110","title":{"rendered":"Eschborn will Pendler aufs Rad bringen"},"content":{"rendered":"<p><a href=\"\/fm\/5571\/150219_Bomba-Syberg_kl.jpg\"><\/p>\n<figure><img decoding=\"async\" loading=\"lazy\" class=\"size-medium wp-image-109\" alt=\"Verkehrsstaatssekret\u00e4r Rainer Bomba (links) und der ADFC-BundesvorsitzendeADFC-Bundesvorsitzende Ulrich Syberg freuen sich vor allem \u00fcber die Aufholer unter den 468 teilnehmenden Kommunen, die mit guten Ideen zeigen, dass der Radverkehr auch unter schwierigen topografischen Bedingungen eine Chance hat. (Foto: roe)\" width=\"300\" height=\"200\" src=\"http:\/\/verkehrsbrief.knowe.de\/fm\/5571\/150219_Bomba-Syberg_kl-300x200.jpg\"><figcaption>Verkehrsstaatssekret\u00e4r Rainer Bomba (links) und der ADFC-BundesvorsitzendeADFC-Bundesvorsitzende Ulrich Syberg freuen sich vor allem \u00fcber die Aufholer unter den 468 teilnehmenden Kommunen, die mit guten Ideen zeigen, dass der Radverkehr auch unter schwierigen topografischen Bedingungen eine Chance hat. (Foto: roe)<\/figcaption><\/figure>\n<p><\/a><\/p>\n<p>Die Frankfurter Speckg\u00fcrtel-Gemeinde Eschborn (20.000 Einwohner, 30.000 Arbeitspl\u00e4tze) will mit einer cleveren Verkn\u00fcpfung von SPNV und Fahrrad den Pkw-Einpendlerverkehr eind\u00e4mmen: Wie Erster Stadtrat Thomas Ebert (Gr\u00fcne) gegen\u00fcber dem Verkehrsbrief am Rande der ADFC-Fahrradklimatest-Preisverleihung in Berlin erl\u00e4uterte, soll an den S-Bahn-Halten Fahrradausleihstationen entstehen. Gegenstationen sollen bei den gro\u00dfen Arbeitgebern (wie zum Beispiel Ernst &#038; Young, Deutsche Bank, Vodafone) entstehen. Als Betreiber des Systems wurde in einer Ausschreibung der schweizerisch-spanisch Dienstleister WeBike Mobility Solutions gewonnen. Das Gesamtvolumen des Auftrags betr\u00e4gt gut 2,6 Mio. EUR \u00fcber \u201emehrere Jahre\u201c, wie von der Stadt zu h\u00f6ren ist. Auch die Nachbargemeinde Bad Schwalbach hat sich dem Projekt angeschlossen, der RMV kooperiert ebenfalls f\u00fcr zun\u00e4chst drei Jahre.<\/p>\n<p>Die gro\u00dfen Arbeitgeber sollen dabei finanziell mit ins Boot, in dem sie zum Beispiel den Bau \u201eihrer\u201c Stationen unterst\u00fctzen und f\u00fcr die Firmenmitarbeiter Flatrate-Karten erwerben. Eberts Ziel ist, dass die ersten 30 Minuten jeder Fahrt f\u00fcr die Nutzer kostenlos sind &#8211; \u201el\u00e4nger kann man innerhalb Eschborns sowieso nicht fahren\u201c. Es bleibe ein Zuschussbedarf f\u00fcr die Stadt von gesch\u00e4tzt 100.000 EUR\/Jahr. F\u00fcr Auspendler will Ebert die Abstellm\u00f6glichkeiten an den S-Bahnh\u00f6fen ausbauen und verbessern. Auch Fahrradboxen w\u00fcrden erwogen.<\/p>\n<p>Das fr\u00fcher nicht als sonderlich fahrradfreundlich geltende Eschborn wurde im Fahrradklima-Test 2014 des Allgemeinen Deutschen Fahrrad-Clubs in der Kategorie \u201eAufholer\u201c mit dem 2. Platz der Gemeinden unter 50.000 Einwohner ausgezeichnet. (roe)<\/p>\n<p style=\"text-align: left;\">\n","protected":false},"excerpt":{"rendered":"<p>Verkehrsstaatssekret\u00e4r Rainer Bomba (links) und der ADFC-BundesvorsitzendeADFC-Bundesvorsitzende Ulrich Syberg freuen sich vor allem \u00fcber die Aufholer unter den 468 teilnehmenden Kommunen, die mit guten Ideen zeigen, dass der Radverkehr auch unter schwierigen topografischen Bedingungen eine Chance hat. (Foto: roe) Die Frankfurter Speckg\u00fcrtel-Gemeinde Eschborn (20.000 Einwohner, 30.000 Arbeitspl\u00e4tze) will mit einer cleveren Verkn\u00fcpfung von SPNV und [&hellip;]<\/p>\n","protected":false},"author":1,"featured_media":0,"comment_status":"open","ping_status":"open","sticky":false,"template":"","format":"standard","meta":[],"categories":[9,8],"tags":[],"_links":{"self":[{"href":"https:\/\/www.verkehrsbrief.de\/index.php?rest_route=\/wp\/v2\/posts\/1740110"}],"collection":[{"href":"https:\/\/www.verkehrsbrief.de\/index.php?rest_route=\/wp\/v2\/posts"}],"about":[{"href":"https:\/\/www.verkehrsbrief.de\/index.php?rest_route=\/wp\/v2\/types\/post"}],"author":[{"embeddable":true,"href":"https:\/\/www.verkehrsbrief.de\/index.php?rest_route=\/wp\/v2\/users\/1"}],"replies":[{"embeddable":true,"href":"https:\/\/www.verkehrsbrief.de\/index.php?rest_route=%2Fwp%2Fv2%2Fcomments&post=1740110"}],"version-history":[{"count":0,"href":"https:\/\/www.verkehrsbrief.de\/index.php?rest_route=\/wp\/v2\/posts\/1740110\/revisions"}],"wp:attachment":[{"href":"https:\/\/www.verkehrsbrief.de\/index.php?rest_route=%2Fwp%2Fv2%2Fmedia&parent=1740110"}],"wp:term":[{"taxonomy":"category","embeddable":true,"href":"https:\/\/www.verkehrsbrief.de\/index.php?rest_route=%2Fwp%2Fv2%2Fcategories&post=1740110"},{"taxonomy":"post_tag","embeddable":true,"href":"https:\/\/www.verkehrsbrief.de\/index.php?rest_route=%2Fwp%2Fv2%2Ftags&post=1740110"}],"curies":[{"name":"wp","href":"https:\/\/api.w.org\/{rel}","templated":true}]}}