{"id":1740108,"date":"2015-02-19T09:46:00","date_gmt":"2015-02-19T09:46:00","guid":{"rendered":"http:\/\/www.verkehrsbrief.de\/neue-regeln-fur-weser-und-oder"},"modified":"2015-02-19T09:46:00","modified_gmt":"2015-02-19T09:46:00","slug":"neue-regeln-fur-weser-und-oder","status":"publish","type":"post","link":"https:\/\/www.verkehrsbrief.de\/?p=1740108","title":{"rendered":"Neue Regeln f\u00fcr Weser und Oder"},"content":{"rendered":"<p>Der BMVI hat im <a href=\"http:\/\/www.bgbl.de\">Bundesgesetzblatt<\/a> vom 19. Februar eine \u00c4nderungsverordnung f\u00fcr die die Binnenschifffahrtsstra\u00dfen-Einf\u00fchrungsverordnung (BinSchStrEV) und die Binnenschifffahrtsstra\u00dfen-Ordnung (BinSchStrO) verk\u00fcndet. Wesentliche Inhalte sind Anpassungen von maximalen Fahrzeugabmessungen und Abladetiefen im Einzugsgebiet der Weser und der Oder. (roe)<\/p>\n","protected":false},"excerpt":{"rendered":"<p>Der BMVI hat im Bundesgesetzblatt vom 19. Februar eine \u00c4nderungsverordnung f\u00fcr die die Binnenschifffahrtsstra\u00dfen-Einf\u00fchrungsverordnung (BinSchStrEV) und die Binnenschifffahrtsstra\u00dfen-Ordnung (BinSchStrO) verk\u00fcndet. Wesentliche Inhalte sind Anpassungen von maximalen Fahrzeugabmessungen und Abladetiefen im Einzugsgebiet der Weser und der Oder. (roe)<\/p>\n","protected":false},"author":1,"featured_media":0,"comment_status":"open","ping_status":"open","sticky":false,"template":"","format":"standard","meta":[],"categories":[11],"tags":[],"_links":{"self":[{"href":"https:\/\/www.verkehrsbrief.de\/index.php?rest_route=\/wp\/v2\/posts\/1740108"}],"collection":[{"href":"https:\/\/www.verkehrsbrief.de\/index.php?rest_route=\/wp\/v2\/posts"}],"about":[{"href":"https:\/\/www.verkehrsbrief.de\/index.php?rest_route=\/wp\/v2\/types\/post"}],"author":[{"embeddable":true,"href":"https:\/\/www.verkehrsbrief.de\/index.php?rest_route=\/wp\/v2\/users\/1"}],"replies":[{"embeddable":true,"href":"https:\/\/www.verkehrsbrief.de\/index.php?rest_route=%2Fwp%2Fv2%2Fcomments&post=1740108"}],"version-history":[{"count":0,"href":"https:\/\/www.verkehrsbrief.de\/index.php?rest_route=\/wp\/v2\/posts\/1740108\/revisions"}],"wp:attachment":[{"href":"https:\/\/www.verkehrsbrief.de\/index.php?rest_route=%2Fwp%2Fv2%2Fmedia&parent=1740108"}],"wp:term":[{"taxonomy":"category","embeddable":true,"href":"https:\/\/www.verkehrsbrief.de\/index.php?rest_route=%2Fwp%2Fv2%2Fcategories&post=1740108"},{"taxonomy":"post_tag","embeddable":true,"href":"https:\/\/www.verkehrsbrief.de\/index.php?rest_route=%2Fwp%2Fv2%2Ftags&post=1740108"}],"curies":[{"name":"wp","href":"https:\/\/api.w.org\/{rel}","templated":true}]}}