{"id":1740106,"date":"2015-02-18T22:37:00","date_gmt":"2015-02-18T22:37:00","guid":{"rendered":"http:\/\/www.verkehrsbrief.de\/hermann-fordert-baufreigabe-des-bmvi-fur-bundesstrasen"},"modified":"2015-02-18T22:37:00","modified_gmt":"2015-02-18T22:37:00","slug":"hermann-fordert-baufreigabe-des-bmvi-fur-bundesstrasen","status":"publish","type":"post","link":"https:\/\/www.verkehrsbrief.de\/?p=1740106","title":{"rendered":"Hermann fordert Baufreigabe des BMVI f\u00fcr Bundesstra\u00dfen"},"content":{"rendered":"<p>Nach \u00fcbereinstimmenden Medienberichten hat der baden-w\u00fcrttembergische Landesverkehrsminister Winfried Hermann bei seinen Amtskollegen Alexander Dobrindt angemahnt, sechs baureife Bundesstra\u00dfenprojekte f\u00fcr den Bau freizugeben. Den Berichten zufolge handelt sich um folgende Vorhaben:<\/p>\n<ul><\/p>\n<li>B294 &#8211; Ortsumfahrung Winden<\/li>\n<p><\/p>\n<li>B31 &#8211; Ortsumfahrung \u00dcberlingen<\/li>\n<p><\/p>\n<li>B33 &#8211; L\u00fcckenschluss Konstanz-Allensbach<\/li>\n<p><\/p>\n<li>Westtangente Pforzheim (B463)<\/li>\n<p><\/p>\n<li>B10 &#8211; Ortsumfahrung Gingen<\/li>\n<p><\/p>\n<li>B28 \u2013 Ausbau Rottenburg-T\u00fcbingen<\/li>\n<p><\/ul>\n<p>Hermann bef\u00fcrchtet, dass in den kommenden Jahren wieder Geld vom Bund verf\u00e4llt, wenn nicht gen\u00fcgend Projekte im Bau sind. Das Land habe die Baufreigaben schon 2014 beantragt. (roe)<\/p>\n","protected":false},"excerpt":{"rendered":"<p>Nach \u00fcbereinstimmenden Medienberichten hat der baden-w\u00fcrttembergische Landesverkehrsminister Winfried Hermann bei seinen Amtskollegen Alexander Dobrindt angemahnt, sechs baureife Bundesstra\u00dfenprojekte f\u00fcr den Bau freizugeben. Den Berichten zufolge handelt sich um folgende Vorhaben: B294 &#8211; Ortsumfahrung Winden B31 &#8211; Ortsumfahrung \u00dcberlingen B33 &#8211; L\u00fcckenschluss Konstanz-Allensbach Westtangente Pforzheim (B463) B10 &#8211; Ortsumfahrung Gingen B28 \u2013 Ausbau Rottenburg-T\u00fcbingen Hermann bef\u00fcrchtet, [&hellip;]<\/p>\n","protected":false},"author":1,"featured_media":0,"comment_status":"open","ping_status":"open","sticky":false,"template":"","format":"standard","meta":[],"categories":[8],"tags":[],"_links":{"self":[{"href":"https:\/\/www.verkehrsbrief.de\/index.php?rest_route=\/wp\/v2\/posts\/1740106"}],"collection":[{"href":"https:\/\/www.verkehrsbrief.de\/index.php?rest_route=\/wp\/v2\/posts"}],"about":[{"href":"https:\/\/www.verkehrsbrief.de\/index.php?rest_route=\/wp\/v2\/types\/post"}],"author":[{"embeddable":true,"href":"https:\/\/www.verkehrsbrief.de\/index.php?rest_route=\/wp\/v2\/users\/1"}],"replies":[{"embeddable":true,"href":"https:\/\/www.verkehrsbrief.de\/index.php?rest_route=%2Fwp%2Fv2%2Fcomments&post=1740106"}],"version-history":[{"count":0,"href":"https:\/\/www.verkehrsbrief.de\/index.php?rest_route=\/wp\/v2\/posts\/1740106\/revisions"}],"wp:attachment":[{"href":"https:\/\/www.verkehrsbrief.de\/index.php?rest_route=%2Fwp%2Fv2%2Fmedia&parent=1740106"}],"wp:term":[{"taxonomy":"category","embeddable":true,"href":"https:\/\/www.verkehrsbrief.de\/index.php?rest_route=%2Fwp%2Fv2%2Fcategories&post=1740106"},{"taxonomy":"post_tag","embeddable":true,"href":"https:\/\/www.verkehrsbrief.de\/index.php?rest_route=%2Fwp%2Fv2%2Ftags&post=1740106"}],"curies":[{"name":"wp","href":"https:\/\/api.w.org\/{rel}","templated":true}]}}