{"id":1740104,"date":"2015-02-18T22:15:00","date_gmt":"2015-02-18T22:15:00","guid":{"rendered":"http:\/\/www.verkehrsbrief.de\/schiersteiner-brucke-zu-ostern-frei-fur-pkw"},"modified":"2015-02-18T22:15:00","modified_gmt":"2015-02-18T22:15:00","slug":"schiersteiner-brucke-zu-ostern-frei-fur-pkw","status":"publish","type":"post","link":"https:\/\/www.verkehrsbrief.de\/?p=1740104","title":{"rendered":"Schiersteiner Br\u00fccke zu Ostern frei f\u00fcr Pkw"},"content":{"rendered":"<p>Die seit 10. Februar gesperrte Schiersteiner Br\u00fccke im Zuge der A643 kann voraussichtlich ab Ende M\u00e4rz wieder f\u00fcr den Pkw-Verkehr ge\u00f6ffnet werden. Ob und wann sie auch f\u00fcr Lkw wieder ge\u00f6ffnet werden kann, lie\u00df das Mainzer Verkehrsministerium in einer Pressemitteilung von Mittwoch offen.<\/p>\n<p>Grund f\u00fcr die Sperrung sind Sch\u00e4den an der Vorlandbr\u00fccke auf der Mainzer Seite. Ein Br\u00fcckenpfeiler der Vorlandbr\u00fccke hatte sich bei Bauarbeiten verschoben. Als Folge der Verschiebung hat sich die Br\u00fccke um bis zu 30 Zentimeter abgesenkt. Die Untersuchungen zur genauen Ursache seien noch nicht abgeschlossen, teilte das Landesverkehrsministerium mit. Neben der bestehenden Br\u00fccke wird derzeit der erste Teil eines Ersatzneubaus errichtet.<\/p>\n<p>In den vergangenen Tagen h\u00e4tten Bodengutachter, Statiker und Ingenieure den Schaden untersucht und ein Konzept f\u00fcr Sicherungsma\u00dfnahmen geplant und statisch berechnet, hei\u00dft es. Erste Sicherungsma\u00dfnahmen am Lager des besch\u00e4digten Pfeilers seien bereits umgesetzt worden.Ziel sei es, den besch\u00e4digten Teil des \u00dcberbaus mit Betonpfeilern zu unterst\u00fctzen und ihn mit Hilfe hydraulischer Pressen wieder in die Ursprungslage zu heben. Der besch\u00e4digte Pfeiler werde dabei mit einer Hilfskonstruktion entlastet. Diese Arbeiten dauerten \u2013 einen planm\u00e4\u00dfigen Ablauf vorausgesetzt \u2013 voraussichtlich bis Ende M\u00e4rz.<\/p>\n<p>Bereits seit Montag kann die A643 von Mainz kommend wieder bis zur Anschlussstelle Mombach genutzt werden. Damit muss der Schwerverkehr in das Industriegebiet Mombach nicht mehr den Umweg durch das Stadtgebiet nehmen. (roe)<\/p>\n","protected":false},"excerpt":{"rendered":"<p>Die seit 10. Februar gesperrte Schiersteiner Br\u00fccke im Zuge der A643 kann voraussichtlich ab Ende M\u00e4rz wieder f\u00fcr den Pkw-Verkehr ge\u00f6ffnet werden. Ob und wann sie auch f\u00fcr Lkw wieder ge\u00f6ffnet werden kann, lie\u00df das Mainzer Verkehrsministerium in einer Pressemitteilung von Mittwoch offen. Grund f\u00fcr die Sperrung sind Sch\u00e4den an der Vorlandbr\u00fccke auf der Mainzer [&hellip;]<\/p>\n","protected":false},"author":1,"featured_media":0,"comment_status":"open","ping_status":"open","sticky":false,"template":"","format":"standard","meta":[],"categories":[8],"tags":[],"_links":{"self":[{"href":"https:\/\/www.verkehrsbrief.de\/index.php?rest_route=\/wp\/v2\/posts\/1740104"}],"collection":[{"href":"https:\/\/www.verkehrsbrief.de\/index.php?rest_route=\/wp\/v2\/posts"}],"about":[{"href":"https:\/\/www.verkehrsbrief.de\/index.php?rest_route=\/wp\/v2\/types\/post"}],"author":[{"embeddable":true,"href":"https:\/\/www.verkehrsbrief.de\/index.php?rest_route=\/wp\/v2\/users\/1"}],"replies":[{"embeddable":true,"href":"https:\/\/www.verkehrsbrief.de\/index.php?rest_route=%2Fwp%2Fv2%2Fcomments&post=1740104"}],"version-history":[{"count":0,"href":"https:\/\/www.verkehrsbrief.de\/index.php?rest_route=\/wp\/v2\/posts\/1740104\/revisions"}],"wp:attachment":[{"href":"https:\/\/www.verkehrsbrief.de\/index.php?rest_route=%2Fwp%2Fv2%2Fmedia&parent=1740104"}],"wp:term":[{"taxonomy":"category","embeddable":true,"href":"https:\/\/www.verkehrsbrief.de\/index.php?rest_route=%2Fwp%2Fv2%2Fcategories&post=1740104"},{"taxonomy":"post_tag","embeddable":true,"href":"https:\/\/www.verkehrsbrief.de\/index.php?rest_route=%2Fwp%2Fv2%2Ftags&post=1740104"}],"curies":[{"name":"wp","href":"https:\/\/api.w.org\/{rel}","templated":true}]}}