{"id":1740103,"date":"2015-02-17T16:14:00","date_gmt":"2015-02-17T16:14:00","guid":{"rendered":"http:\/\/www.verkehrsbrief.de\/deges-plant-rader-hochbrucke"},"modified":"2015-02-17T16:14:00","modified_gmt":"2015-02-17T16:14:00","slug":"deges-plant-rader-hochbrucke","status":"publish","type":"post","link":"https:\/\/www.verkehrsbrief.de\/?p=1740103","title":{"rendered":"DEGES plant Rader Hochbr\u00fccke"},"content":{"rendered":"<p>Die DEGES wird Planung und Bauaufsicht f\u00fcr den Ersatzneubau der Rader Hochbr\u00fccke im Zuge der A7 \u00fcbernehmen. Einen entsprechenden Dienstleistungsvertrag unterzeichneten am Dienstag Landesverkehrsministerium und DEGES-Gesch\u00e4ftsf\u00fchrung. Berechnungen hatten 2014 ergeben, dass die bestehende Br\u00fccke nur noch zw\u00f6lf Jahre h\u00e4lt.<\/p>\n<p>Wie die DEGES mitteilte, wird sie im Rahmen der Vorplanung eine so genannte \u201efaunistische Planungsraumanalyse\u201c &#8211; also eine Erfassung der Tierwelt im Baufeld &#8211; sowie eine Machbarkeitsstudie in Auftrag geben. Ziel der Vorplanung ist es, die bevorzugte Variante herauszuarbeiten, f\u00fcr die dann die detaillierte Entwurfsplanung aufgenommen wird. \u201eZeitlich besteht die Herausforderung, 2026 ein Bauwerk realisiert zu haben, um den Verkehr von der bestehenden Br\u00fccke aufzunehmen\u201c, betonte DEGES-Gesch\u00e4ftsf\u00fchrer Dirk Brandenburger.<\/p>\n<p>Um die Planung zu beschleunigen, hat der Bundesrat in seiner Sitzung am 6. Februar den Bund aufgefordert, das Projekt in die \u201eTurboliste\u201c des Bundesfernstra\u00dfengesetzes aufzunehmen. Damit w\u00fcrde der Klageweg gegen die Planung auf eine einzige Instanz \u2013 das Bundesverwaltungsgericht \u2013 verk\u00fcrzt.<\/p>\n<p>Das BMVI hat dar\u00fcber hinaus die Rader Hochbr\u00fccke im Rahmen der \u201eReformkommission Gro\u00dfprojekte\u201c als ein Pilotprojekt f\u00fcr das Risikomanagement benannt. Ziel soll es sein, fr\u00fchzeitig m\u00f6gliche Risiken zu ermitteln, deren Eintrittswahrscheinlichkeit zu bewerten und diese mit Kosten zu belegen. (roe)<\/p>\n","protected":false},"excerpt":{"rendered":"<p>Die DEGES wird Planung und Bauaufsicht f\u00fcr den Ersatzneubau der Rader Hochbr\u00fccke im Zuge der A7 \u00fcbernehmen. Einen entsprechenden Dienstleistungsvertrag unterzeichneten am Dienstag Landesverkehrsministerium und DEGES-Gesch\u00e4ftsf\u00fchrung. Berechnungen hatten 2014 ergeben, dass die bestehende Br\u00fccke nur noch zw\u00f6lf Jahre h\u00e4lt. Wie die DEGES mitteilte, wird sie im Rahmen der Vorplanung eine so genannte \u201efaunistische Planungsraumanalyse\u201c &#8211; [&hellip;]<\/p>\n","protected":false},"author":1,"featured_media":0,"comment_status":"open","ping_status":"open","sticky":false,"template":"","format":"standard","meta":[],"categories":[8],"tags":[],"_links":{"self":[{"href":"https:\/\/www.verkehrsbrief.de\/index.php?rest_route=\/wp\/v2\/posts\/1740103"}],"collection":[{"href":"https:\/\/www.verkehrsbrief.de\/index.php?rest_route=\/wp\/v2\/posts"}],"about":[{"href":"https:\/\/www.verkehrsbrief.de\/index.php?rest_route=\/wp\/v2\/types\/post"}],"author":[{"embeddable":true,"href":"https:\/\/www.verkehrsbrief.de\/index.php?rest_route=\/wp\/v2\/users\/1"}],"replies":[{"embeddable":true,"href":"https:\/\/www.verkehrsbrief.de\/index.php?rest_route=%2Fwp%2Fv2%2Fcomments&post=1740103"}],"version-history":[{"count":0,"href":"https:\/\/www.verkehrsbrief.de\/index.php?rest_route=\/wp\/v2\/posts\/1740103\/revisions"}],"wp:attachment":[{"href":"https:\/\/www.verkehrsbrief.de\/index.php?rest_route=%2Fwp%2Fv2%2Fmedia&parent=1740103"}],"wp:term":[{"taxonomy":"category","embeddable":true,"href":"https:\/\/www.verkehrsbrief.de\/index.php?rest_route=%2Fwp%2Fv2%2Fcategories&post=1740103"},{"taxonomy":"post_tag","embeddable":true,"href":"https:\/\/www.verkehrsbrief.de\/index.php?rest_route=%2Fwp%2Fv2%2Ftags&post=1740103"}],"curies":[{"name":"wp","href":"https:\/\/api.w.org\/{rel}","templated":true}]}}