{"id":1740102,"date":"2015-02-17T15:13:00","date_gmt":"2015-02-17T15:13:00","guid":{"rendered":"http:\/\/www.verkehrsbrief.de\/bmvi-will-weitere-ortsumgehungen-prufen"},"modified":"2015-02-17T15:13:00","modified_gmt":"2015-02-17T15:13:00","slug":"bmvi-will-weitere-ortsumgehungen-prufen","status":"publish","type":"post","link":"https:\/\/www.verkehrsbrief.de\/?p=1740102","title":{"rendered":"BMVI will weitere Ortsumgehungen pr\u00fcfen"},"content":{"rendered":"<p>Das BMVI erw\u00e4gt offenbar, \u00fcber die Anmeldeliste des Landes Baden-W\u00fcrttemberg hinaus weitere Ortsumfahrungen in das Bewertungsverfahren f\u00fcr den BVWP 2015 aufzunehmen. Der Bund habe die daf\u00fcr notwendigen Daten beim Land angefordert, teilte das Verkehrsministerium in Stuttgart am 11. Februar mit. Es handelt es sich um folgende Projekte:<\/p>\n<ul><\/p>\n<li>B 28 Ortsumfahrung Unterjesingen<\/li>\n<p><\/p>\n<li>B 292 Ortsumfahrung \u00d6stringen<\/li>\n<p><\/p>\n<li>B 465 Ortsumfahrung Warthausen<\/li>\n<p><\/p>\n<li>B 465 Ortsumfahrung Ingerkingen<\/li>\n<p><\/p>\n<li>B 466 Ortsumfahrung B\u00f6hmenkirch<\/li>\n<p><\/ul>\n<p>Wie das Landesverkehrsministerium weiter mitteilte, waren die betroffenen Ortsumfahrungen 2013 nicht in die Anmeldeliste aufgenommen worden, weil sie unterdurchschnittliche Verkehrsbelastungen aufweisen oder weil sie schon in den derzeit noch g\u00fcltigen BVWP 2003 keinen Eingang mehr gefunden hatten. Eine Begr\u00fcndung, warum der Bund f\u00fcr diese Projekte Daten angefordert hat, liege nicht vor. (roe)<\/p>\n","protected":false},"excerpt":{"rendered":"<p>Das BMVI erw\u00e4gt offenbar, \u00fcber die Anmeldeliste des Landes Baden-W\u00fcrttemberg hinaus weitere Ortsumfahrungen in das Bewertungsverfahren f\u00fcr den BVWP 2015 aufzunehmen. Der Bund habe die daf\u00fcr notwendigen Daten beim Land angefordert, teilte das Verkehrsministerium in Stuttgart am 11. Februar mit. Es handelt es sich um folgende Projekte: B 28 Ortsumfahrung Unterjesingen B 292 Ortsumfahrung \u00d6stringen [&hellip;]<\/p>\n","protected":false},"author":1,"featured_media":0,"comment_status":"open","ping_status":"open","sticky":false,"template":"","format":"standard","meta":[],"categories":[8],"tags":[],"_links":{"self":[{"href":"https:\/\/www.verkehrsbrief.de\/index.php?rest_route=\/wp\/v2\/posts\/1740102"}],"collection":[{"href":"https:\/\/www.verkehrsbrief.de\/index.php?rest_route=\/wp\/v2\/posts"}],"about":[{"href":"https:\/\/www.verkehrsbrief.de\/index.php?rest_route=\/wp\/v2\/types\/post"}],"author":[{"embeddable":true,"href":"https:\/\/www.verkehrsbrief.de\/index.php?rest_route=\/wp\/v2\/users\/1"}],"replies":[{"embeddable":true,"href":"https:\/\/www.verkehrsbrief.de\/index.php?rest_route=%2Fwp%2Fv2%2Fcomments&post=1740102"}],"version-history":[{"count":0,"href":"https:\/\/www.verkehrsbrief.de\/index.php?rest_route=\/wp\/v2\/posts\/1740102\/revisions"}],"wp:attachment":[{"href":"https:\/\/www.verkehrsbrief.de\/index.php?rest_route=%2Fwp%2Fv2%2Fmedia&parent=1740102"}],"wp:term":[{"taxonomy":"category","embeddable":true,"href":"https:\/\/www.verkehrsbrief.de\/index.php?rest_route=%2Fwp%2Fv2%2Fcategories&post=1740102"},{"taxonomy":"post_tag","embeddable":true,"href":"https:\/\/www.verkehrsbrief.de\/index.php?rest_route=%2Fwp%2Fv2%2Ftags&post=1740102"}],"curies":[{"name":"wp","href":"https:\/\/api.w.org\/{rel}","templated":true}]}}