{"id":1719,"date":"2015-08-27T13:31:28","date_gmt":"2015-08-27T11:31:28","guid":{"rendered":"http:\/\/www.verkehrsbrief.de\/presseschau-27-august"},"modified":"2015-08-27T13:31:28","modified_gmt":"2015-08-27T11:31:28","slug":"presseschau-27-august","status":"publish","type":"post","link":"https:\/\/www.verkehrsbrief.de\/?p=1719","title":{"rendered":"Presseschau 27. August"},"content":{"rendered":"<p><span style=\"font-family: Times New Roman,serif;\">Im Mittelrheintal emp\u00f6ren sich B\u00fcrgerinitiativen und Politik \u00fcber den Vorsto\u00df von EU-Verkehrskommissarin Violeta Bulc, die Fahrverbote f\u00fcr laute G\u00fcterz\u00fcge erst im Rahmen einer gesamteurop\u00e4ischen L\u00f6sung nach 2021 zulassen will, berichtet der <a href=\"http:\/\/www.wiesbadener-kurier.de\/lokales\/rheingau\/eltville\/rheingauer-buergerinitiativen-und-welterbe-verband-protestieren-gegen-eu-brief-zum-bahnlaerm_16055491.htm\" target=\"_blank\">Wiesbadener Kurier<\/a><\/span><span style=\"font-family: Times New Roman,serif;\"><span lang=\"de-DE\">.<\/span><\/span><\/p>\n<p><span style=\"font-family: Times New Roman,serif;\"><span lang=\"de-DE\">An der Ausbaustrecke Emmerich-Oberhausen g\u00e4rt es ebenfalls, aber nicht nur wegen des L\u00e4rms, sondern auch wegen Sicherheitsbedenken. Nach einem Bericht der <a href=\"http:\/\/www.derwesten.de\/region\/eu-will-gueterzuege-noch-laenger-laermen-lassen-id11030431.html\" target=\"_blank\">WAZ-Zeitungen<\/a> bem\u00e4ngeln die Feuerwehren das Sicherheitskonzept der DB, weil es lange Wartezeiten bis zum Eingreifen verursacht und f\u00fcr den Personenverkehr zu wenig Fluchtwege gibt.<\/span><\/span><\/p>\n<p><span style=\"font-family: Times New Roman,serif;\"><span lang=\"de-DE\">Auf <a href=\"http:\/\/blog.handelsblatt.com\/rechtsboard\/2015\/08\/26\/kein-schadensersatzanspruch-fur-von-rechtswidrigem-streik-geschadigte\/\" target=\"_blank\">Handelsblatt.com<\/a> analysiert ein Anwalt das j\u00fcngste Urteil des Bundesarbeitsgerichts zur Schadenersatzpflicht bei rechtswidrigen Streiks. Das Bundesarbeitsgericht hatte dies verneint. Der Anwalt schl\u00e4gt vor, das Streikrecht gesetzlich zu regeln und dabei eine Notdienstpflicht zu verankern. (roe)<\/span><\/span><\/p>\n","protected":false},"excerpt":{"rendered":"<p>Im Mittelrheintal emp\u00f6ren sich B\u00fcrgerinitiativen und Politik \u00fcber den Vorsto\u00df von EU-Verkehrskommissarin Violeta Bulc, die Fahrverbote f\u00fcr laute G\u00fcterz\u00fcge erst im Rahmen einer gesamteurop\u00e4ischen L\u00f6sung nach 2021 zulassen will, berichtet der Wiesbadener Kurier. An der Ausbaustrecke Emmerich-Oberhausen g\u00e4rt es ebenfalls, aber nicht nur wegen des L\u00e4rms, sondern auch wegen Sicherheitsbedenken. Nach einem Bericht der WAZ-Zeitungen [&hellip;]<\/p>\n","protected":false},"author":1,"featured_media":0,"comment_status":"open","ping_status":"open","sticky":false,"template":"","format":"standard","meta":[],"categories":[1],"tags":[],"_links":{"self":[{"href":"https:\/\/www.verkehrsbrief.de\/index.php?rest_route=\/wp\/v2\/posts\/1719"}],"collection":[{"href":"https:\/\/www.verkehrsbrief.de\/index.php?rest_route=\/wp\/v2\/posts"}],"about":[{"href":"https:\/\/www.verkehrsbrief.de\/index.php?rest_route=\/wp\/v2\/types\/post"}],"author":[{"embeddable":true,"href":"https:\/\/www.verkehrsbrief.de\/index.php?rest_route=\/wp\/v2\/users\/1"}],"replies":[{"embeddable":true,"href":"https:\/\/www.verkehrsbrief.de\/index.php?rest_route=%2Fwp%2Fv2%2Fcomments&post=1719"}],"version-history":[{"count":1,"href":"https:\/\/www.verkehrsbrief.de\/index.php?rest_route=\/wp\/v2\/posts\/1719\/revisions"}],"predecessor-version":[{"id":1720,"href":"https:\/\/www.verkehrsbrief.de\/index.php?rest_route=\/wp\/v2\/posts\/1719\/revisions\/1720"}],"wp:attachment":[{"href":"https:\/\/www.verkehrsbrief.de\/index.php?rest_route=%2Fwp%2Fv2%2Fmedia&parent=1719"}],"wp:term":[{"taxonomy":"category","embeddable":true,"href":"https:\/\/www.verkehrsbrief.de\/index.php?rest_route=%2Fwp%2Fv2%2Fcategories&post=1719"},{"taxonomy":"post_tag","embeddable":true,"href":"https:\/\/www.verkehrsbrief.de\/index.php?rest_route=%2Fwp%2Fv2%2Ftags&post=1719"}],"curies":[{"name":"wp","href":"https:\/\/api.w.org\/{rel}","templated":true}]}}