{"id":1631,"date":"2015-08-21T10:02:03","date_gmt":"2015-08-21T08:02:03","guid":{"rendered":"http:\/\/www.verkehrsbrief.de\/presseschau-21-august"},"modified":"2015-08-21T10:03:14","modified_gmt":"2015-08-21T08:03:14","slug":"presseschau-21-august","status":"publish","type":"post","link":"https:\/\/www.verkehrsbrief.de\/?p=1631","title":{"rendered":"Presseschau 21. August"},"content":{"rendered":"<p>In der Pressekonferenz nach der Sitzung der deutsch-d\u00e4nischen Verkehrskommission ist Schleswig-Holsteins Verkehrsminister Reinhard Meyer laut <a href=\"http:\/\/www.welt.de\/print\/die_welt\/hamburg\/article145459808\/Rueckschlag-fuer-Tunnelprojekt.html\" target=\"_blank\">Welt<\/a> deutlicher geworden als es die gestrige <a href=\"http:\/\/www.schleswig-holstein.de\/DE\/Landesregierung\/VII\/Presse\/PI\/2015\/150820_Dt_D%C3%A4n_Verkehrskommission.html\" target=\"_blank\">Pressemitteilung<\/a> vermuten lie\u00df: Der Fehmarnbeltquerung droht eine neuerliche Verz\u00f6gerung schon beim Planfeststellungsbeschluss auf deutscher Seite &#8211; von 2016 auf 2017. Mit Klagen dagegen k\u00f6nne man zu 100 Prozent rechnen.<\/p>\n<p>Die Gr\u00fcnen in der Altmark zweifeln laut <a href=\"https:\/\/www.az-online.de\/altmark\/stendal\/die-bringt-nichts-5364441.html\" target=\"_blank\">Altmark-Zeitung<\/a> an der Aussage von Sachsen-Anhalts Landesverkehrsminister, dass die A14 n\u00f6rdlich von Magdeburg bis zur Elbe bis 2020 fertig wird. Zum einen fehle bisher eine tragf\u00e4hige Finanzierung, zum anderen sei bei so nachl\u00e4ssiger Planung wie bisher mit Klagen zu rechnen.<\/p>\n<p>Niedersachsens Verkehrsminister Olaf Lies will die A39 zwischen L\u00fcneburg und Wolfsburg auch gegen den Willen des gr\u00fcnen Koalitionspartners durchsetzen, berichtet die Uelzener <a href=\"http:\/\/www.az-online.de\/uelzen\/stadt-uelzen\/showdown-a39-5361620.html\" target=\"_blank\">Allgemeine Zeitung<\/a>. Der Landrat und \u201e80 Prozent + X\u201c der Menschen in der Region st\u00fcnden hinter der Autobahn.<\/p>\n","protected":false},"excerpt":{"rendered":"<p>In der Pressekonferenz nach der Sitzung der deutsch-d\u00e4nischen Verkehrskommission ist Schleswig-Holsteins Verkehrsminister Reinhard Meyer laut Welt deutlicher geworden als es die gestrige Pressemitteilung vermuten lie\u00df: Der Fehmarnbeltquerung droht eine neuerliche Verz\u00f6gerung schon beim Planfeststellungsbeschluss auf deutscher Seite &#8211; von 2016 auf 2017. Mit Klagen dagegen k\u00f6nne man zu 100 Prozent rechnen. Die Gr\u00fcnen in der [&hellip;]<\/p>\n","protected":false},"author":1,"featured_media":0,"comment_status":"open","ping_status":"open","sticky":false,"template":"","format":"standard","meta":[],"categories":[1],"tags":[],"_links":{"self":[{"href":"https:\/\/www.verkehrsbrief.de\/index.php?rest_route=\/wp\/v2\/posts\/1631"}],"collection":[{"href":"https:\/\/www.verkehrsbrief.de\/index.php?rest_route=\/wp\/v2\/posts"}],"about":[{"href":"https:\/\/www.verkehrsbrief.de\/index.php?rest_route=\/wp\/v2\/types\/post"}],"author":[{"embeddable":true,"href":"https:\/\/www.verkehrsbrief.de\/index.php?rest_route=\/wp\/v2\/users\/1"}],"replies":[{"embeddable":true,"href":"https:\/\/www.verkehrsbrief.de\/index.php?rest_route=%2Fwp%2Fv2%2Fcomments&post=1631"}],"version-history":[{"count":1,"href":"https:\/\/www.verkehrsbrief.de\/index.php?rest_route=\/wp\/v2\/posts\/1631\/revisions"}],"predecessor-version":[{"id":1632,"href":"https:\/\/www.verkehrsbrief.de\/index.php?rest_route=\/wp\/v2\/posts\/1631\/revisions\/1632"}],"wp:attachment":[{"href":"https:\/\/www.verkehrsbrief.de\/index.php?rest_route=%2Fwp%2Fv2%2Fmedia&parent=1631"}],"wp:term":[{"taxonomy":"category","embeddable":true,"href":"https:\/\/www.verkehrsbrief.de\/index.php?rest_route=%2Fwp%2Fv2%2Fcategories&post=1631"},{"taxonomy":"post_tag","embeddable":true,"href":"https:\/\/www.verkehrsbrief.de\/index.php?rest_route=%2Fwp%2Fv2%2Ftags&post=1631"}],"curies":[{"name":"wp","href":"https:\/\/api.w.org\/{rel}","templated":true}]}}