{"id":150,"date":"2015-02-25T10:35:04","date_gmt":"2015-02-25T09:35:04","guid":{"rendered":"http:\/\/www.verkehrsbrief.de\/presseschau-25-februar"},"modified":"2015-02-26T12:11:46","modified_gmt":"2015-02-26T11:11:46","slug":"presseschau-25-februar","status":"publish","type":"post","link":"https:\/\/www.verkehrsbrief.de\/?p=150","title":{"rendered":"Presseschau 25. Februar"},"content":{"rendered":"<p>Die zeitliche L\u00fccke zwischen der Fertigstellung der Festen Fehmarnbeltquerung und der Hinterlandanbindung auf deutscher Seite schrumpft. Das berichten unter anderem <a href=\"http:\/\/www.verkehrsrundschau.de\/dobrindt-setzt-auf-neuen-zeitplan-fuer-fehmarnbeltquerung-1612415.html\" target=\"_blank\">Verkehrsrundschau<\/a> und <a href=\"http:\/\/www.welt.de\/print\/welt_kompakt\/print_politik\/article137802566\/Irgendwie-irgendwann.html\" target=\"_blank\">Welt<\/a> nach einem Treffen von Bundesverkehrsminister Alexander Dobrindt und seinem d\u00e4nischen Amtskollegen Magnus Heunicke.<\/p>\n<p>Mit den erwarteten Einnahmen aus der Pkw-Maut besch\u00e4ftigt sich <a href=\"http:\/\/www.heise.de\/newsticker\/meldung\/Das-grosse-Maut-Rechnen-2558966.html\" target=\"_blank\">heise.de<\/a>.<\/p>\n<p>Natursch\u00fctzer erw\u00e4gen, gegen den vom Bund gew\u00fcnschten sechsspurigen Ausbau der Anschlussstrecke der Schiersteiner Br\u00fccke auf Mainzer Seite rechtlich vorzugehen, berichtet der <a href=\"http:\/\/www.swr.de\/landesschau-aktuell\/rp\/naturschutz-kontra-bruecke-bund-gegen-sechsspurigen-ausbau\/-\/id=1682\/nid=1682\/did=15135064\/1la7ry3\/index.html\" target=\"_blank\">SWR<\/a>. (roe)<\/p>\n","protected":false},"excerpt":{"rendered":"<p>Die zeitliche L\u00fccke zwischen der Fertigstellung der Festen Fehmarnbeltquerung und der Hinterlandanbindung auf deutscher Seite schrumpft. Das berichten unter anderem Verkehrsrundschau und Welt nach einem Treffen von Bundesverkehrsminister Alexander Dobrindt und seinem d\u00e4nischen Amtskollegen Magnus Heunicke. Mit den erwarteten Einnahmen aus der Pkw-Maut besch\u00e4ftigt sich heise.de. Natursch\u00fctzer erw\u00e4gen, gegen den vom Bund gew\u00fcnschten sechsspurigen Ausbau [&hellip;]<\/p>\n","protected":false},"author":1,"featured_media":0,"comment_status":"open","ping_status":"open","sticky":false,"template":"","format":"standard","meta":[],"categories":[9,8],"tags":[],"_links":{"self":[{"href":"https:\/\/www.verkehrsbrief.de\/index.php?rest_route=\/wp\/v2\/posts\/150"}],"collection":[{"href":"https:\/\/www.verkehrsbrief.de\/index.php?rest_route=\/wp\/v2\/posts"}],"about":[{"href":"https:\/\/www.verkehrsbrief.de\/index.php?rest_route=\/wp\/v2\/types\/post"}],"author":[{"embeddable":true,"href":"https:\/\/www.verkehrsbrief.de\/index.php?rest_route=\/wp\/v2\/users\/1"}],"replies":[{"embeddable":true,"href":"https:\/\/www.verkehrsbrief.de\/index.php?rest_route=%2Fwp%2Fv2%2Fcomments&post=150"}],"version-history":[{"count":1,"href":"https:\/\/www.verkehrsbrief.de\/index.php?rest_route=\/wp\/v2\/posts\/150\/revisions"}],"predecessor-version":[{"id":151,"href":"https:\/\/www.verkehrsbrief.de\/index.php?rest_route=\/wp\/v2\/posts\/150\/revisions\/151"}],"wp:attachment":[{"href":"https:\/\/www.verkehrsbrief.de\/index.php?rest_route=%2Fwp%2Fv2%2Fmedia&parent=150"}],"wp:term":[{"taxonomy":"category","embeddable":true,"href":"https:\/\/www.verkehrsbrief.de\/index.php?rest_route=%2Fwp%2Fv2%2Fcategories&post=150"},{"taxonomy":"post_tag","embeddable":true,"href":"https:\/\/www.verkehrsbrief.de\/index.php?rest_route=%2Fwp%2Fv2%2Ftags&post=150"}],"curies":[{"name":"wp","href":"https:\/\/api.w.org\/{rel}","templated":true}]}}