{"id":1425,"date":"2015-07-10T13:55:40","date_gmt":"2015-07-10T11:55:40","guid":{"rendered":"http:\/\/www.verkehrsbrief.de\/eu-bestatigt-projektliste-fur-connecting-europe-facility"},"modified":"2015-07-10T14:02:06","modified_gmt":"2015-07-10T12:02:06","slug":"eu-bestatigt-projektliste-fur-connecting-europe-facility","status":"publish","type":"post","link":"https:\/\/www.verkehrsbrief.de\/?p=1425","title":{"rendered":"EU best\u00e4tigt Projektliste f\u00fcr Connecting Europe Facility"},"content":{"rendered":"<p>Der Koordinierungsausschuss f\u00fcr die Connecting Europe Facility (CEF) hat am Freitag erwartungsgem\u00e4\u00df die <a href=\"http:\/\/www.verkehrsbrief.de\/?p=1304\">Projektliste<\/a> der EU-Kommission best\u00e4tigt. Das F\u00f6rdervolumen f\u00fcr die Infrastrukturprojekte in Deutschland betr\u00e4gt nach Angaben des BMVI rund 1,7 Mrd. EUR. \u201eMit leistungsf\u00e4higen Stra\u00dfen, Schienen- und Wasserwegen leistet Deutschland als zentrales Transitland f\u00fcr den Personen- und G\u00fcterverkehr einen bedeutenden Beitrag f\u00fcr Wachstum und Besch\u00e4ftigung in Europa\u201c, erkl\u00e4rte Bundesverkehrsminister Alexander Dobrindt. \u201eDavon profitieren auch unsere Nachbarl\u00e4nder.\u201c<\/p>\n<p align=\"JUSTIFY\">Die komplette Liste der F\u00f6rderma\u00dfnahmen soll laut BMVI in K\u00fcrze auf der <a href=\"http:\/\/ec.europa.eu\/inea\/connecting-europe-facility\/cef-transport\/apply-funding\/2014-cef-transport-calls-proposals\" target=\"_blank\">entsprechenden Internetseite<\/a> der EU-Kommission\u00a0 ver\u00f6ffentlicht werden. (roe)<\/p>\n","protected":false},"excerpt":{"rendered":"<p>Der Koordinierungsausschuss f\u00fcr die Connecting Europe Facility (CEF) hat am Freitag erwartungsgem\u00e4\u00df die Projektliste der EU-Kommission best\u00e4tigt. Das F\u00f6rdervolumen f\u00fcr die Infrastrukturprojekte in Deutschland betr\u00e4gt nach Angaben des BMVI rund 1,7 Mrd. EUR. \u201eMit leistungsf\u00e4higen Stra\u00dfen, Schienen- und Wasserwegen leistet Deutschland als zentrales Transitland f\u00fcr den Personen- und G\u00fcterverkehr einen bedeutenden Beitrag f\u00fcr Wachstum und [&hellip;]<\/p>\n","protected":false},"author":1,"featured_media":0,"comment_status":"open","ping_status":"open","sticky":false,"template":"","format":"standard","meta":[],"categories":[9,11],"tags":[],"_links":{"self":[{"href":"https:\/\/www.verkehrsbrief.de\/index.php?rest_route=\/wp\/v2\/posts\/1425"}],"collection":[{"href":"https:\/\/www.verkehrsbrief.de\/index.php?rest_route=\/wp\/v2\/posts"}],"about":[{"href":"https:\/\/www.verkehrsbrief.de\/index.php?rest_route=\/wp\/v2\/types\/post"}],"author":[{"embeddable":true,"href":"https:\/\/www.verkehrsbrief.de\/index.php?rest_route=\/wp\/v2\/users\/1"}],"replies":[{"embeddable":true,"href":"https:\/\/www.verkehrsbrief.de\/index.php?rest_route=%2Fwp%2Fv2%2Fcomments&post=1425"}],"version-history":[{"count":3,"href":"https:\/\/www.verkehrsbrief.de\/index.php?rest_route=\/wp\/v2\/posts\/1425\/revisions"}],"predecessor-version":[{"id":1428,"href":"https:\/\/www.verkehrsbrief.de\/index.php?rest_route=\/wp\/v2\/posts\/1425\/revisions\/1428"}],"wp:attachment":[{"href":"https:\/\/www.verkehrsbrief.de\/index.php?rest_route=%2Fwp%2Fv2%2Fmedia&parent=1425"}],"wp:term":[{"taxonomy":"category","embeddable":true,"href":"https:\/\/www.verkehrsbrief.de\/index.php?rest_route=%2Fwp%2Fv2%2Fcategories&post=1425"},{"taxonomy":"post_tag","embeddable":true,"href":"https:\/\/www.verkehrsbrief.de\/index.php?rest_route=%2Fwp%2Fv2%2Ftags&post=1425"}],"curies":[{"name":"wp","href":"https:\/\/api.w.org\/{rel}","templated":true}]}}