{"id":1299,"date":"2015-06-29T10:06:48","date_gmt":"2015-06-29T08:06:48","guid":{"rendered":"http:\/\/www.verkehrsbrief.de\/presseschau-29-juni"},"modified":"2015-06-29T10:06:48","modified_gmt":"2015-06-29T08:06:48","slug":"presseschau-29-juni","status":"publish","type":"post","link":"https:\/\/www.verkehrsbrief.de\/?p=1299","title":{"rendered":"Presseschau 29. Juni"},"content":{"rendered":"<p>Bundesverkehrsminister Alexander Dobrindt will laut <a href=\"http:\/\/www.welt.de\/print\/die_welt\/wirtschaft\/article143218884\/Oeffentliche-Hand-hat-Bauprojekte-nicht-im-Griff.html\" target=\"_blank\">Welt<\/a> auf Grundlage des Abschlussberichtes der Reformkommission Gro\u00dfprojekte einen Aktionsplan entwickeln, der im Herbst vom Kabinett verabschiedet werden soll. Der Abschlussbericht wird am Montagmittag im BMVI vorgestellt.<\/p>\n<p>Finanz- und Verkehrsminister von NRW, Norbert Walter-Borjans und Michael Groschek, lassen in einem Interview mit der <a href=\"http:\/\/www.nw.de\/nachrichten\/thema\/20498848_Interview-NRW-Finanzminister-Walter-Borjans-und-Verkehrsminister-Groschek-ueber-Sparzwang.html\" target=\"_blank\">Neuen Westf\u00e4lischen<\/a> Bewegung beim Thema \u00d6PP erkennen und bringen die Idee eines Sonderverm\u00f6gens f\u00fcr den Stra\u00dfenbau ins Spiel. Groschek will au\u00dferdem die Bodewig-Kommission wieder einberufen.<\/p>\n<p>Wie die <a href=\"http:\/\/www.moz.de\/artikel-ansicht\/dg\/0\/1\/1401360\" target=\"_blank\">M\u00e4rkische Oderzeitung<\/a> berichtet, will der Interessenverband &#8222;Weitblick &#8211; Verkehrsinfrastruktur, Wirtschaft, Logistik&#8220; demn\u00e4chst ein Angebot vorlegen, wie die beiden noch ausstehenden Schleusenert\u00fcchtigungen (Kleinmachnow und F\u00fcrstenwalde) an Spree-Oder-Wasserstra\u00dfe zwischen Berlin und Eisenh\u00fcttenstadt in einem \u00d6PP-Projekt umgesetzt werden k\u00f6nnen. Der Verband will dabei die Planung \u00fcbernehmen.<\/p>\n<p>366 Autobahnbaustellen von mehr als vier Tagen Dauer wird es in Juli geben, berichtet die <a href=\"http:\/\/www.welt.de\/print\/die_welt\/wirtschaft\/article143218884\/Oeffentliche-Hand-hat-Bauprojekte-nicht-im-Griff.html\" target=\"_blank\">Welt am Sonntag<\/a>. K\u00fcnftig w\u00fcrden es noch mehr, l\u00e4sst Verkehrsstaastsekret\u00e4r Norbert Barthle mit Blick auf die zunehmenden Erhaltungsinvestitionen wissen. (roe)<\/p>\n","protected":false},"excerpt":{"rendered":"<p>Bundesverkehrsminister Alexander Dobrindt will laut Welt auf Grundlage des Abschlussberichtes der Reformkommission Gro\u00dfprojekte einen Aktionsplan entwickeln, der im Herbst vom Kabinett verabschiedet werden soll. Der Abschlussbericht wird am Montagmittag im BMVI vorgestellt. Finanz- und Verkehrsminister von NRW, Norbert Walter-Borjans und Michael Groschek, lassen in einem Interview mit der Neuen Westf\u00e4lischen Bewegung beim Thema \u00d6PP erkennen [&hellip;]<\/p>\n","protected":false},"author":1,"featured_media":0,"comment_status":"open","ping_status":"open","sticky":false,"template":"","format":"standard","meta":[],"categories":[1],"tags":[],"_links":{"self":[{"href":"https:\/\/www.verkehrsbrief.de\/index.php?rest_route=\/wp\/v2\/posts\/1299"}],"collection":[{"href":"https:\/\/www.verkehrsbrief.de\/index.php?rest_route=\/wp\/v2\/posts"}],"about":[{"href":"https:\/\/www.verkehrsbrief.de\/index.php?rest_route=\/wp\/v2\/types\/post"}],"author":[{"embeddable":true,"href":"https:\/\/www.verkehrsbrief.de\/index.php?rest_route=\/wp\/v2\/users\/1"}],"replies":[{"embeddable":true,"href":"https:\/\/www.verkehrsbrief.de\/index.php?rest_route=%2Fwp%2Fv2%2Fcomments&post=1299"}],"version-history":[{"count":1,"href":"https:\/\/www.verkehrsbrief.de\/index.php?rest_route=\/wp\/v2\/posts\/1299\/revisions"}],"predecessor-version":[{"id":1300,"href":"https:\/\/www.verkehrsbrief.de\/index.php?rest_route=\/wp\/v2\/posts\/1299\/revisions\/1300"}],"wp:attachment":[{"href":"https:\/\/www.verkehrsbrief.de\/index.php?rest_route=%2Fwp%2Fv2%2Fmedia&parent=1299"}],"wp:term":[{"taxonomy":"category","embeddable":true,"href":"https:\/\/www.verkehrsbrief.de\/index.php?rest_route=%2Fwp%2Fv2%2Fcategories&post=1299"},{"taxonomy":"post_tag","embeddable":true,"href":"https:\/\/www.verkehrsbrief.de\/index.php?rest_route=%2Fwp%2Fv2%2Ftags&post=1299"}],"curies":[{"name":"wp","href":"https:\/\/api.w.org\/{rel}","templated":true}]}}